{"id":75278,"date":"2015-09-17T14:17:58","date_gmt":"2015-09-17T17:17:58","guid":{"rendered":"http:\/\/www.redenoticia.com.br\/noticia\/?p=75278"},"modified":"2015-09-17T14:17:58","modified_gmt":"2015-09-17T17:17:58","slug":"auditores-fiscais-e-policiais-federais-rejeitam-adiamento-de-reajuste","status":"publish","type":"post","link":"https:\/\/www.redenoticia.com.br\/noticia\/2015\/auditores-fiscais-e-policiais-federais-rejeitam-adiamento-de-reajuste\/75278","title":{"rendered":"Auditores fiscais e policiais federais rejeitam adiamento de reajuste"},"content":{"rendered":"<p> Entidades de servidores p\u00fablicos repudiaram o <strong><em>congelamento do sal\u00e1rio no funcionalismo federal<\/em><\/strong>, anunciado pelos ministros da Fazenda, Joaquim Levy, e do Planejamento, Nelson Barbosa. Em nota, entidades que representam os auditores-fiscais da Receita Federal e do Minist\u00e9rio do Trabalho, al\u00e9m dos delegados e peritos da Pol\u00edcia Federal, condenaram a decis\u00e3o do governo de adiar os aumentos prometidos aos servidores.<\/p>\n<p> \u201cAo colocar a conta do desgoverno e do desequil\u00edbrio das contas p\u00fablicas sobre o ombro dos servidores, o governo federal se exime de fazer a sua parte no ajuste fiscal\u201d, destacou o texto. Para os sindicatos e as associa\u00e7\u00f5es, os servidores federais pagar\u00e3o os gastos decorrentes da m\u00e1 administra\u00e7\u00e3o. \u201c\u00c9 o c\u00famulo do desrespeito com os servidores do Poder Executivo, novamente, serem chamados a arcar com uma conta decorrente da m\u00e1 gest\u00e3o e da corrup\u00e7\u00e3o, comprovadamente n\u00e3o sendo respons\u00e1veis pela crise e n\u00e3o devendo pagar, injustamente, pela mesma\u201d, destacou o comunicado.<\/p>\n<p>Em entrevista \u00e0 NBR, TV do governo federal, o ministro Joaquim Levy reconheceu que o adiamento dos reajustes do funcionalismo federal foi uma das medidas mais duras do pacote de ajuste fiscal. Ele, no entanto, disse que \u00e9 preciso que o setor p\u00fablico se comprometa com o ajuste fiscal da mesma maneira que o setor privado, que enfrenta a desvaloriza\u00e7\u00e3o real de sal\u00e1rios.<\/p>\n<p>A nota foi assinada por seis entidades: Associa\u00e7\u00e3o dos Delegados da Pol\u00edcia Federal, Associa\u00e7\u00e3o Nacional dos Peritos Criminais Federais, Associa\u00e7\u00e3o Nacional dos Auditores-Fiscais da Receita Federal, Federa\u00e7\u00e3o Nacional dos Delegados de Pol\u00edcia Federal, Sindicato Nacional dos Auditores-Fiscais do Trabalho e Sindicato Nacional dos Auditores-Fiscais da Receita Federal.<\/p>\n<p>Da Ag\u00eancia Brasil<br \/>\nEdi\u00e7\u00e3o: Beto Coura<\/p>\n","protected":false},"excerpt":{"rendered":"<p>Entidades de servidores p\u00fablicos repudiaram o congelamento do sal\u00e1rio no funcionalismo federal, anunciado pelos ministros da Fazenda, Joaquim Levy, e do Planejamento, Nelson Barbosa. Em nota, entidades que representam os auditores-fiscais da Receita Federal e do Minist\u00e9rio do Trabalho, al\u00e9m dos delegados e peritos da Pol\u00edcia Federal, condenaram a decis\u00e3o do governo de adiar os [&hellip;]<\/p>\n","protected":false},"author":2,"featured_media":57584,"comment_status":"open","ping_status":"closed","sticky":false,"template":"","format":"standard","meta":{"_genesis_hide_title":false,"_genesis_hide_breadcrumbs":false,"_genesis_hide_singular_image":false,"_genesis_hide_footer_widgets":false,"_genesis_custom_body_class":"","_genesis_custom_post_class":"","_genesis_layout":"","_jetpack_memberships_contains_paid_content":false,"footnotes":""},"categories":[22],"tags":[],"class_list":{"0":"post-75278","1":"post","2":"type-post","3":"status-publish","4":"format-standard","5":"has-post-thumbnail","7":"category-brasil","8":"entry","9":"gs-1","10":"gs-odd","11":"gs-even","12":"gs-featured-content-entry"},"jetpack_featured_media_url":"https:\/\/www.redenoticia.com.br\/noticia\/imagens\/economia-grafica-analise-inflacao.jpg","jetpack_sharing_enabled":true,"jetpack_likes_enabled":true,"_links":{"self":[{"href":"https:\/\/www.redenoticia.com.br\/noticia\/wp-json\/wp\/v2\/posts\/75278","targetHints":{"allow":["GET"]}}],"collection":[{"href":"https:\/\/www.redenoticia.com.br\/noticia\/wp-json\/wp\/v2\/posts"}],"about":[{"href":"https:\/\/www.redenoticia.com.br\/noticia\/wp-json\/wp\/v2\/types\/post"}],"author":[{"embeddable":true,"href":"https:\/\/www.redenoticia.com.br\/noticia\/wp-json\/wp\/v2\/users\/2"}],"replies":[{"embeddable":true,"href":"https:\/\/www.redenoticia.com.br\/noticia\/wp-json\/wp\/v2\/comments?post=75278"}],"version-history":[{"count":0,"href":"https:\/\/www.redenoticia.com.br\/noticia\/wp-json\/wp\/v2\/posts\/75278\/revisions"}],"wp:featuredmedia":[{"embeddable":true,"href":"https:\/\/www.redenoticia.com.br\/noticia\/wp-json\/wp\/v2\/media\/57584"}],"wp:attachment":[{"href":"https:\/\/www.redenoticia.com.br\/noticia\/wp-json\/wp\/v2\/media?parent=75278"}],"wp:term":[{"taxonomy":"category","embeddable":true,"href":"https:\/\/www.redenoticia.com.br\/noticia\/wp-json\/wp\/v2\/categories?post=75278"},{"taxonomy":"post_tag","embeddable":true,"href":"https:\/\/www.redenoticia.com.br\/noticia\/wp-json\/wp\/v2\/tags?post=75278"}],"curies":[{"name":"wp","href":"https:\/\/api.w.org\/{rel}","templated":true}]}}