{"id":75271,"date":"2015-09-17T13:57:03","date_gmt":"2015-09-17T16:57:03","guid":{"rendered":"http:\/\/www.redenoticia.com.br\/noticia\/?p=75271"},"modified":"2015-09-17T14:00:37","modified_gmt":"2015-09-17T17:00:37","slug":"escola-paulista-de-medicina-seleciona-professor-para-area-de-bioquimica","status":"publish","type":"post","link":"https:\/\/www.redenoticia.com.br\/noticia\/2015\/escola-paulista-de-medicina-seleciona-professor-para-area-de-bioquimica\/75271","title":{"rendered":"Escola Paulista de Medicina seleciona professor para \u00e1rea de Bioqu\u00edmica"},"content":{"rendered":"<p>Ag\u00eancia FAPESP \u2013 Est\u00e3o abertas, at\u00e9 o dia 9 de outubro, as inscri\u00e7\u00f5es para o concurso que selecionar\u00e1 um <strong><em>professor adjunto para o Departamento de Bioqu\u00edmica<\/em><\/strong> da Escola Paulista de Medicina (EPM) da Universidade Federal de S\u00e3o Paulo (Unifesp), campus S\u00e3o Paulo.<\/p>\n<p>O sal\u00e1rio \u00e9 de R$ 8.639,50 para uma jornada de 40 horas semanais de trabalho, em regime de dedica\u00e7\u00e3o exclusiva.<\/p>\n<p>A vaga \u00e9 para a \u00e1rea de Bioqu\u00edmica, sub\u00e1rea Qu\u00edmica de Macromol\u00e9culas. \u00c9 necess\u00e1rio ter gradua\u00e7\u00e3o em Qu\u00edmica ou Farm\u00e1cia-Bioqu\u00edmica e doutorado na \u00e1rea de Ci\u00eancias.<\/p>\n<p>As inscri\u00e7\u00f5es dever\u00e3o ser feitas pessoalmente ou por procura\u00e7\u00e3o na Divis\u00e3o de Recursos Humanos da Unifesp, localizada na rua Botucatu, n\u00ba 740, 3\u00ba andar, Vila Clementino, em S\u00e3o Paulo, das 9h \u00e0s 12h e das 13h \u00e0s 16h, exceto s\u00e1bados, domingos e feriados.<\/p>\n<p>O concurso inclui prova pr\u00e1tica, prova did\u00e1tica e prova de t\u00edtulos.<\/p>\n<p>O edital est\u00e1 dispon\u00edvel no endere\u00e7o .<\/p>\n<p>&#8212;-<br \/>\nINSCRI\u00c7\u00c3O<\/p>\n<p>  As inscri\u00e7\u00f5es ocorrer\u00e3o no per\u00edodo de 12 de agosto a 10 de setembro de 2015, exceto s\u00e1bados, domingos e feriados, para entrega da documenta\u00e7\u00e3o exigida.<\/p>\n<p> Hor\u00e1rio das 9h00 \u00e0s 12h00 e das 13h00 \u00e0s 16h00.<\/p>\n<p> Local: Campus S\u00c3O PAULO, na Divis\u00e3o de Recursos Humanos, Rua Botucatu, 740 \u2013 3\u00ba andar, Vila Clementino, S\u00e3o Paulo\/SP, CEP 04023-900, pessoalmente ou por procurador legalmente constitu\u00eddo.<\/p>\n","protected":false},"excerpt":{"rendered":"<p>Ag\u00eancia FAPESP \u2013 Est\u00e3o abertas, at\u00e9 o dia 9 de outubro, as inscri\u00e7\u00f5es para o concurso que selecionar\u00e1 um professor adjunto para o Departamento de Bioqu\u00edmica da Escola Paulista de Medicina (EPM) da Universidade Federal de S\u00e3o Paulo (Unifesp), campus S\u00e3o Paulo. O sal\u00e1rio \u00e9 de R$ 8.639,50 para uma jornada de 40 horas semanais [&hellip;]<\/p>\n","protected":false},"author":2,"featured_media":36241,"comment_status":"open","ping_status":"closed","sticky":false,"template":"","format":"standard","meta":{"_genesis_hide_title":false,"_genesis_hide_breadcrumbs":false,"_genesis_hide_singular_image":false,"_genesis_hide_footer_widgets":false,"_genesis_custom_body_class":"","_genesis_custom_post_class":"","_genesis_layout":"","_jetpack_memberships_contains_paid_content":false,"footnotes":""},"categories":[22,370,353],"tags":[],"class_list":{"0":"post-75271","1":"post","2":"type-post","3":"status-publish","4":"format-standard","5":"has-post-thumbnail","7":"category-brasil","8":"category-inscricao","9":"category-oportunidades","10":"entry","11":"gs-1","12":"gs-odd","13":"gs-even","14":"gs-featured-content-entry"},"jetpack_featured_media_url":"https:\/\/www.redenoticia.com.br\/noticia\/imagens\/professor-b.jpg","jetpack_sharing_enabled":true,"jetpack_likes_enabled":true,"_links":{"self":[{"href":"https:\/\/www.redenoticia.com.br\/noticia\/wp-json\/wp\/v2\/posts\/75271","targetHints":{"allow":["GET"]}}],"collection":[{"href":"https:\/\/www.redenoticia.com.br\/noticia\/wp-json\/wp\/v2\/posts"}],"about":[{"href":"https:\/\/www.redenoticia.com.br\/noticia\/wp-json\/wp\/v2\/types\/post"}],"author":[{"embeddable":true,"href":"https:\/\/www.redenoticia.com.br\/noticia\/wp-json\/wp\/v2\/users\/2"}],"replies":[{"embeddable":true,"href":"https:\/\/www.redenoticia.com.br\/noticia\/wp-json\/wp\/v2\/comments?post=75271"}],"version-history":[{"count":0,"href":"https:\/\/www.redenoticia.com.br\/noticia\/wp-json\/wp\/v2\/posts\/75271\/revisions"}],"wp:featuredmedia":[{"embeddable":true,"href":"https:\/\/www.redenoticia.com.br\/noticia\/wp-json\/wp\/v2\/media\/36241"}],"wp:attachment":[{"href":"https:\/\/www.redenoticia.com.br\/noticia\/wp-json\/wp\/v2\/media?parent=75271"}],"wp:term":[{"taxonomy":"category","embeddable":true,"href":"https:\/\/www.redenoticia.com.br\/noticia\/wp-json\/wp\/v2\/categories?post=75271"},{"taxonomy":"post_tag","embeddable":true,"href":"https:\/\/www.redenoticia.com.br\/noticia\/wp-json\/wp\/v2\/tags?post=75271"}],"curies":[{"name":"wp","href":"https:\/\/api.w.org\/{rel}","templated":true}]}}