{"id":75232,"date":"2015-09-16T15:21:13","date_gmt":"2015-09-16T18:21:13","guid":{"rendered":"http:\/\/www.redenoticia.com.br\/noticia\/?p=75232"},"modified":"2015-09-16T15:21:13","modified_gmt":"2015-09-16T18:21:13","slug":"vendas-no-comercio-varejista-caem-1-em-julho","status":"publish","type":"post","link":"https:\/\/www.redenoticia.com.br\/noticia\/2015\/vendas-no-comercio-varejista-caem-1-em-julho\/75232","title":{"rendered":"Vendas no com\u00e9rcio varejista caem 1% em julho"},"content":{"rendered":"<p>O <strong><em>volume de vendas do com\u00e9rcio varejista<\/em><\/strong> caiu 1% de junho para julho deste ano \u2013 sexta queda consecutiva do indicador \u2013  informou o Instituto Brasileiro de Geografia e Estat\u00edstica (IBGE). Ao divulgar os dados da Pesquisa Mensal de Com\u00e9rcio (PMC), o IBGE informou que, na compara\u00e7\u00e3o com julho do ano passado, o com\u00e9rcio teve queda de 3,5% nas vendas.<\/p>\n<p>O com\u00e9rcio varejista acumula perdas de 2,4% no ano e de 1% no per\u00edodo de 12 meses. A receita nominal teve resultados positivos. De junho para julho, houve varia\u00e7\u00e3o positiva de 0,1%. Na compara\u00e7\u00e3o com julho de 2014, a alta foi 4,2%. A receita nominal acumula altas de 4,2% no acumulado do ano e de 5,3% no per\u00edodo de 12 meses.<\/p>\n<p>De junho para julho, o volume de vendas caiu em sete dos oito setores pesquisados pelo IBGE. O \u00fanico setor que n\u00e3o teve queda foi o de outros artigos de uso pessoal e dom\u00e9stico, que manteve-se est\u00e1vel. Entre os segmentos com recuo nas vendas, o principal destaque foi o de livros, jornais, revistas e papelaria, com redu\u00e7\u00e3o de 5,5%.<\/p>\n<p>Os demais setores tiveram as seguintes taxas de queda: m\u00f3veis e eletrodom\u00e9sticos (-1,7%), equipamento e material para escrit\u00f3rio, inform\u00e1tica e comunica\u00e7\u00e3o (-1,3%), artigos farmac\u00eauticos, m\u00e9dicos e perfumaria (-1,1%), supermercados, alimentos e bebidas (-1%), tecidos, vestu\u00e1rio e cal\u00e7ados (-1%) e combust\u00edveis e lubrificantes (-0,4%).<\/p>\n<p>Considerando-se o varejo ampliado, que tamb\u00e9m inclui os segmentos de ve\u00edculos e materiais de constru\u00e7\u00e3o, houve crescimento de 0,6% no volume de vendas, de junho para julho. O setor de ve\u00edculos, motos, partes e pe\u00e7as teve crescimento de 5,1%, enquanto os materiais de constru\u00e7\u00e3o tiveram queda de 2,4%.<\/p>\n<p>Nos outros tipos de compara\u00e7\u00e3o, no entanto, o varejo ampliado teve quedas no volume de vendas: compara\u00e7\u00e3o com julho de 2014 (-6,8%), acumulado do ano (-6,5%) e acumulado de 12 meses (-4,9%).<\/p>\n<p>Vitor Abdala \u2013 Rep\u00f3rter da Ag\u00eancia Brasil<br \/>\nEdi\u00e7\u00e3o: Jos\u00e9 Romildo<\/p>\n","protected":false},"excerpt":{"rendered":"<p>O volume de vendas do com\u00e9rcio varejista caiu 1% de junho para julho deste ano \u2013 sexta queda consecutiva do indicador \u2013 informou o Instituto Brasileiro de Geografia e Estat\u00edstica (IBGE). Ao divulgar os dados da Pesquisa Mensal de Com\u00e9rcio (PMC), o IBGE informou que, na compara\u00e7\u00e3o com julho do ano passado, o com\u00e9rcio teve [&hellip;]<\/p>\n","protected":false},"author":2,"featured_media":57584,"comment_status":"open","ping_status":"closed","sticky":false,"template":"","format":"standard","meta":{"_genesis_hide_title":false,"_genesis_hide_breadcrumbs":false,"_genesis_hide_singular_image":false,"_genesis_hide_footer_widgets":false,"_genesis_custom_body_class":"","_genesis_custom_post_class":"","_genesis_layout":"","_jetpack_memberships_contains_paid_content":false,"footnotes":""},"categories":[22,7],"tags":[],"class_list":{"0":"post-75232","1":"post","2":"type-post","3":"status-publish","4":"format-standard","5":"has-post-thumbnail","7":"category-brasil","8":"category-economia","9":"entry","10":"gs-1","11":"gs-odd","12":"gs-even","13":"gs-featured-content-entry"},"jetpack_featured_media_url":"https:\/\/www.redenoticia.com.br\/noticia\/imagens\/economia-grafica-analise-inflacao.jpg","jetpack_sharing_enabled":true,"jetpack_likes_enabled":true,"_links":{"self":[{"href":"https:\/\/www.redenoticia.com.br\/noticia\/wp-json\/wp\/v2\/posts\/75232","targetHints":{"allow":["GET"]}}],"collection":[{"href":"https:\/\/www.redenoticia.com.br\/noticia\/wp-json\/wp\/v2\/posts"}],"about":[{"href":"https:\/\/www.redenoticia.com.br\/noticia\/wp-json\/wp\/v2\/types\/post"}],"author":[{"embeddable":true,"href":"https:\/\/www.redenoticia.com.br\/noticia\/wp-json\/wp\/v2\/users\/2"}],"replies":[{"embeddable":true,"href":"https:\/\/www.redenoticia.com.br\/noticia\/wp-json\/wp\/v2\/comments?post=75232"}],"version-history":[{"count":0,"href":"https:\/\/www.redenoticia.com.br\/noticia\/wp-json\/wp\/v2\/posts\/75232\/revisions"}],"wp:featuredmedia":[{"embeddable":true,"href":"https:\/\/www.redenoticia.com.br\/noticia\/wp-json\/wp\/v2\/media\/57584"}],"wp:attachment":[{"href":"https:\/\/www.redenoticia.com.br\/noticia\/wp-json\/wp\/v2\/media?parent=75232"}],"wp:term":[{"taxonomy":"category","embeddable":true,"href":"https:\/\/www.redenoticia.com.br\/noticia\/wp-json\/wp\/v2\/categories?post=75232"},{"taxonomy":"post_tag","embeddable":true,"href":"https:\/\/www.redenoticia.com.br\/noticia\/wp-json\/wp\/v2\/tags?post=75232"}],"curies":[{"name":"wp","href":"https:\/\/api.w.org\/{rel}","templated":true}]}}