{"id":75230,"date":"2015-09-16T15:20:06","date_gmt":"2015-09-16T18:20:06","guid":{"rendered":"http:\/\/www.redenoticia.com.br\/noticia\/?p=75230"},"modified":"2015-09-16T15:20:06","modified_gmt":"2015-09-16T18:20:06","slug":"lancado-no-congresso-movimento-contra-a-cpmf","status":"publish","type":"post","link":"https:\/\/www.redenoticia.com.br\/noticia\/2015\/lancado-no-congresso-movimento-contra-a-cpmf\/75230","title":{"rendered":"Lan\u00e7ado no Congresso movimento contra a CPMF"},"content":{"rendered":"<p> Partidos de oposi\u00e7\u00e3o, como DEM, PSDB e Solidariedade, e da base aliada (PP) lan\u00e7aram a <strong><em>campanha contra a eleva\u00e7\u00e3o da carga tribut\u00e1ria<\/em><\/strong> no pa\u00eds. A campanha \u00e9 denominada: Basta de Imposto. N\u00e3o \u00e0 CPMF.<\/p>\n<p>Os partidos anunciaram que tentar\u00e3o fechar quest\u00e3o, em suas executivas nacionais, para impedir a aprova\u00e7\u00e3o de qualquer proposta que o governo envie prevendo a retomada da contribui\u00e7\u00e3o. O principal alvo do movimento \u00e9 a sinaliza\u00e7\u00e3o dada pelo governo, durante o an\u00fancio do pacote econ\u00f4mico, h\u00e1 dois dias, da possibilidade de cria\u00e7\u00e3o de uma nova CPMF.<\/p>\n<p>\u201cTemos posi\u00e7\u00e3o clara de que o pa\u00eds n\u00e3o aguenta mais imposto. Saturou. A solu\u00e7\u00e3o para os problemas de desequil\u00edbrio das contas passa pelo enxugamento da m\u00e1quina, e da estrutura de governo, inchada na administra\u00e7\u00e3o petista\u201d, afirmou o l\u00edder do DEM na C\u00e2mara, Mendon\u00e7a Filho (PE).<\/p>\n<p>Do mesmo partido, o senador Agripino Maia (RN) atribuiu \u00e0 proposta de cria\u00e7\u00e3o de uma nova CPMF \u201co pre\u00e7o que a sociedade est\u00e1 pagando pela reelei\u00e7\u00e3o da presidenta Dilma [Rousseff]\u201d.<\/p>\n<p>Para tentar reverter a situa\u00e7\u00e3o projetada para 2016, a equipe econ\u00f4mica do governo disse que far\u00e1 um corte de R$ 26 bilh\u00f5es no Or\u00e7amento do pr\u00f3ximo ano. Segundo o Planalto, a redu\u00e7\u00e3o das despesas somada ao conjunto de medidas para aumentar receitas englobar\u00e3o R$ 64,9 bilh\u00f5es e, neste bolo, estaria a ideia de cobran\u00e7a da nova CPMF.<\/p>\n<p>Segundo o l\u00edder do PSDB na C\u00e2mara, Carlos Sampaio, o movimento lan\u00e7ado no Sal\u00e3o Verde da C\u00e2mara n\u00e3o \u00e9 exclusivo das oposi\u00e7\u00f5es no Legislativo. \u201c\u00c9 o sentimento da na\u00e7\u00e3o, que n\u00e3o suporta mais pagar impostos. Para aumentar impostos, em primeiro lugar, governo tem de ter credibilidade e este governo n\u00e3o tem credibilidade interna ou internacional. Em segundo lugar, a sociedade tem de ter clareza de que o governo fez sua parte e o governo n\u00e3o cortou gastos, e, em terceiro lugar, \u00e9 importante que governo tenha base de sustenta\u00e7\u00e3o s\u00f3lida nesta Casa e n\u00e3o tem\u201d, disse. Sampaio disse que nenhum dos \u201crequisitos\u201d foi cumprido.<\/p>\n<p>Do lado oposto, o l\u00edder do governo, deputado Jos\u00e9 Guimar\u00e3es (PT-CE), tem reiterado a posi\u00e7\u00e3o do Planalto e afirmado que as medidas s\u00e3o justas e reequilibram a economia, sem tirar nenhum direito dos brasileiros. Segundo ele, a cria\u00e7\u00e3o da contribui\u00e7\u00e3o tem um vi\u00e9s provis\u00f3rio e objetivo apenas de cobrir os cofres do governo diante do cen\u00e1rio econ\u00f4mico do pa\u00eds. Guimar\u00e3es afirmou que governo \u201ccortou na sua pr\u00f3pria carne\u201d, com redu\u00e7\u00f5es nas despesas discricion\u00e1rias, buscando atingir o super\u00e1vit de 0,7% do PIB.<\/p>\n<p>A rea\u00e7\u00e3o da oposi\u00e7\u00e3o foi quase imediata ao anuncio do Executivo no \u00faltimo dia 14. O governo come\u00e7ou um esfor\u00e7o para tentar amenizar a pol\u00eamica e costurar um acordo com a base aliada. A presidenta Dilma Rousseff se reuniu com l\u00edderes governistas na C\u00e2mara e no Senado e recebeu uma carta de apoio \u00e0 continuidade de seu mandato, assinada por todos os partidos aliados.<\/p>\n<p>Um pr\u00f3ximo encontro ainda deve ocorrer esta semana. A inten\u00e7\u00e3o \u00e9 tentar viabilizar op\u00e7\u00f5es para que a estrat\u00e9gia anunciada pelo governo, e que ainda ser\u00e1 desdobrada em projetos e medidas provis\u00f3rias, chegue em um formato poss\u00edvel de ser aprovado pelo Congresso.<\/p>\n<p>Ministros de Dilma tamb\u00e9m sentaram \u00e0 mesa com governadores para discutir o pacote e, segundo o l\u00edder do governo no Senado, Delc\u00eddio Amaral (PT-MS), que participou do debate, o grupo que se reuniu com a equipe do governo demonstrou interesse na cria\u00e7\u00e3o de um novo tributo nos moldes da CPMF. Hoje, na C\u00e2mara, os governadores t\u00eam uma reuni\u00e3o com parlamentares para tentar harmonizar uma posi\u00e7\u00e3o em torno da estrat\u00e9gia anunciada.<\/p>\n<p>Os tr\u00eas governadores do PSB \u2013 Paulo C\u00e2mara (Pernambuco), Ricardo Coutinho (Para\u00edba) e Rodrigo Rollemberg (Distrito Federal) \u2013 n\u00e3o v\u00e3o participar do encontro que est\u00e1 marcado para o meio-dia. Em nota, eles explicaram que preferem analisar as medidas com a bancada e a dire\u00e7\u00e3o nacional do partido antes de tomar uma decis\u00e3o sobre a posi\u00e7\u00e3o que vai adotar na tramita\u00e7\u00e3o das propostas.<\/p>\n<p>Carolina Gon\u00e7alves \u2013 Rep\u00f3rter da Ag\u00eancia Brasil<br \/>\nEdi\u00e7\u00e3o: Jos\u00e9 Romildo<\/p>\n","protected":false},"excerpt":{"rendered":"<p>Partidos de oposi\u00e7\u00e3o, como DEM, PSDB e Solidariedade, e da base aliada (PP) lan\u00e7aram a campanha contra a eleva\u00e7\u00e3o da carga tribut\u00e1ria no pa\u00eds. A campanha \u00e9 denominada: Basta de Imposto. N\u00e3o \u00e0 CPMF. Os partidos anunciaram que tentar\u00e3o fechar quest\u00e3o, em suas executivas nacionais, para impedir a aprova\u00e7\u00e3o de qualquer proposta que o governo [&hellip;]<\/p>\n","protected":false},"author":2,"featured_media":40734,"comment_status":"open","ping_status":"closed","sticky":false,"template":"","format":"standard","meta":{"_genesis_hide_title":false,"_genesis_hide_breadcrumbs":false,"_genesis_hide_singular_image":false,"_genesis_hide_footer_widgets":false,"_genesis_custom_body_class":"","_genesis_custom_post_class":"","_genesis_layout":"","_jetpack_memberships_contains_paid_content":false,"footnotes":""},"categories":[22,7],"tags":[],"class_list":{"0":"post-75230","1":"post","2":"type-post","3":"status-publish","4":"format-standard","5":"has-post-thumbnail","7":"category-brasil","8":"category-economia","9":"entry","10":"gs-1","11":"gs-odd","12":"gs-even","13":"gs-featured-content-entry"},"jetpack_featured_media_url":"https:\/\/www.redenoticia.com.br\/noticia\/imagens\/economia-resultados.jpg","jetpack_sharing_enabled":true,"jetpack_likes_enabled":true,"_links":{"self":[{"href":"https:\/\/www.redenoticia.com.br\/noticia\/wp-json\/wp\/v2\/posts\/75230","targetHints":{"allow":["GET"]}}],"collection":[{"href":"https:\/\/www.redenoticia.com.br\/noticia\/wp-json\/wp\/v2\/posts"}],"about":[{"href":"https:\/\/www.redenoticia.com.br\/noticia\/wp-json\/wp\/v2\/types\/post"}],"author":[{"embeddable":true,"href":"https:\/\/www.redenoticia.com.br\/noticia\/wp-json\/wp\/v2\/users\/2"}],"replies":[{"embeddable":true,"href":"https:\/\/www.redenoticia.com.br\/noticia\/wp-json\/wp\/v2\/comments?post=75230"}],"version-history":[{"count":0,"href":"https:\/\/www.redenoticia.com.br\/noticia\/wp-json\/wp\/v2\/posts\/75230\/revisions"}],"wp:featuredmedia":[{"embeddable":true,"href":"https:\/\/www.redenoticia.com.br\/noticia\/wp-json\/wp\/v2\/media\/40734"}],"wp:attachment":[{"href":"https:\/\/www.redenoticia.com.br\/noticia\/wp-json\/wp\/v2\/media?parent=75230"}],"wp:term":[{"taxonomy":"category","embeddable":true,"href":"https:\/\/www.redenoticia.com.br\/noticia\/wp-json\/wp\/v2\/categories?post=75230"},{"taxonomy":"post_tag","embeddable":true,"href":"https:\/\/www.redenoticia.com.br\/noticia\/wp-json\/wp\/v2\/tags?post=75230"}],"curies":[{"name":"wp","href":"https:\/\/api.w.org\/{rel}","templated":true}]}}