{"id":75225,"date":"2015-09-16T15:16:38","date_gmt":"2015-09-16T18:16:38","guid":{"rendered":"http:\/\/www.redenoticia.com.br\/noticia\/?p=75225"},"modified":"2015-09-16T15:17:01","modified_gmt":"2015-09-16T18:17:01","slug":"apesar-da-volta-dos-professores-funcionarios-da-ufrj-decidem-manter-greve","status":"publish","type":"post","link":"https:\/\/www.redenoticia.com.br\/noticia\/2015\/apesar-da-volta-dos-professores-funcionarios-da-ufrj-decidem-manter-greve\/75225","title":{"rendered":"Apesar da volta dos professores, funcion\u00e1rios da UFRJ decidem manter greve"},"content":{"rendered":"<p> Ap\u00f3s o retorno das aulas dos professores na Universidade Federal do Rio de Janeiro (<strong><em>UFRJ<\/em><\/strong>), os funcion\u00e1rios da \u00e1rea administrativa votaram, em assembleia, pela manuten\u00e7\u00e3o da greve iniciada no dia 29 de maio. Os servidores pedem que a posi\u00e7\u00e3o de manuten\u00e7\u00e3o da paralisa\u00e7\u00e3o seja respeitada pelos alunos,  professores e o Conselho Universit\u00e1rio (Consuni).<\/p>\n<p>Com participa\u00e7\u00e3o de cerca de 250 pessoas, um votou contra a manuten\u00e7\u00e3o da greve e sete se abstiveram, a plen\u00e1ria deliberou pela intensifica\u00e7\u00e3o da greve em resposta \u00e0s medidas econ\u00f4micas anunciadas pelo governo federal.<\/p>\n<p>Os funcionaram decidiram manter a greve porque os integrantes do Comando Nacional de Greve da Federa\u00e7\u00e3o de Sindicato de Trabalhadores T\u00e9cnico-Administrativos (Fasubra) se reunir\u00e3o com o governo para discutir a contraproposta encaminhada para negocia\u00e7\u00e3o.<\/p>\n<p>Os grevistas querem reajuste de 9,5%, para reposi\u00e7\u00e3o inflacion\u00e1ria de 2015, a ser aplicada em janeiro 2016, e 5,5% para 2017, com cl\u00e1usula de revis\u00e3o em 2016, caso a previs\u00e3o do \u00edndice institu\u00eddo pelo governo em 2017 ultrapasse 5,5%.<\/p>\n<p>Jos\u00e9 Caetano Ribeiro, do comando do movimento, disse que a expectativa \u00e9 positiva para a negocia\u00e7\u00e3o com o governo. \u201cA nossa expectativa \u00e9 que o governo finalize com a resposta positiva da contraproposta, com a reposi\u00e7\u00e3o de 9,5%. N\u00f3s entendemos que a conjuntura \u00e9 dif\u00edcil, mas o governo tem negociado por baixo.\u201d<\/p>\n<p>Da Ag\u00eancia Brasil<br \/>\nEdi\u00e7\u00e3o: A\u00e9cio Amado<\/p>\n","protected":false},"excerpt":{"rendered":"<p>Ap\u00f3s o retorno das aulas dos professores na Universidade Federal do Rio de Janeiro (UFRJ), os funcion\u00e1rios da \u00e1rea administrativa votaram, em assembleia, pela manuten\u00e7\u00e3o da greve iniciada no dia 29 de maio. Os servidores pedem que a posi\u00e7\u00e3o de manuten\u00e7\u00e3o da paralisa\u00e7\u00e3o seja respeitada pelos alunos, professores e o Conselho Universit\u00e1rio (Consuni). Com participa\u00e7\u00e3o [&hellip;]<\/p>\n","protected":false},"author":2,"featured_media":34749,"comment_status":"open","ping_status":"closed","sticky":false,"template":"","format":"standard","meta":{"_genesis_hide_title":false,"_genesis_hide_breadcrumbs":false,"_genesis_hide_singular_image":false,"_genesis_hide_footer_widgets":false,"_genesis_custom_body_class":"","_genesis_custom_post_class":"","_genesis_layout":"","_jetpack_memberships_contains_paid_content":false,"footnotes":""},"categories":[22],"tags":[],"class_list":{"0":"post-75225","1":"post","2":"type-post","3":"status-publish","4":"format-standard","5":"has-post-thumbnail","7":"category-brasil","8":"entry","9":"gs-1","10":"gs-odd","11":"gs-even","12":"gs-featured-content-entry"},"jetpack_featured_media_url":"https:\/\/www.redenoticia.com.br\/noticia\/imagens\/professor1.jpg","jetpack_sharing_enabled":true,"jetpack_likes_enabled":true,"_links":{"self":[{"href":"https:\/\/www.redenoticia.com.br\/noticia\/wp-json\/wp\/v2\/posts\/75225","targetHints":{"allow":["GET"]}}],"collection":[{"href":"https:\/\/www.redenoticia.com.br\/noticia\/wp-json\/wp\/v2\/posts"}],"about":[{"href":"https:\/\/www.redenoticia.com.br\/noticia\/wp-json\/wp\/v2\/types\/post"}],"author":[{"embeddable":true,"href":"https:\/\/www.redenoticia.com.br\/noticia\/wp-json\/wp\/v2\/users\/2"}],"replies":[{"embeddable":true,"href":"https:\/\/www.redenoticia.com.br\/noticia\/wp-json\/wp\/v2\/comments?post=75225"}],"version-history":[{"count":0,"href":"https:\/\/www.redenoticia.com.br\/noticia\/wp-json\/wp\/v2\/posts\/75225\/revisions"}],"wp:featuredmedia":[{"embeddable":true,"href":"https:\/\/www.redenoticia.com.br\/noticia\/wp-json\/wp\/v2\/media\/34749"}],"wp:attachment":[{"href":"https:\/\/www.redenoticia.com.br\/noticia\/wp-json\/wp\/v2\/media?parent=75225"}],"wp:term":[{"taxonomy":"category","embeddable":true,"href":"https:\/\/www.redenoticia.com.br\/noticia\/wp-json\/wp\/v2\/categories?post=75225"},{"taxonomy":"post_tag","embeddable":true,"href":"https:\/\/www.redenoticia.com.br\/noticia\/wp-json\/wp\/v2\/tags?post=75225"}],"curies":[{"name":"wp","href":"https:\/\/api.w.org\/{rel}","templated":true}]}}