{"id":75180,"date":"2015-09-15T15:31:13","date_gmt":"2015-09-15T18:31:13","guid":{"rendered":"http:\/\/www.redenoticia.com.br\/noticia\/?p=75180"},"modified":"2015-09-15T15:31:13","modified_gmt":"2015-09-15T18:31:13","slug":"inadimplencia-do-consumidor-aumenta-169-no-periodo-de-janeiro-a-agosto","status":"publish","type":"post","link":"https:\/\/www.redenoticia.com.br\/noticia\/2015\/inadimplencia-do-consumidor-aumenta-169-no-periodo-de-janeiro-a-agosto\/75180","title":{"rendered":"Inadimpl\u00eancia do consumidor aumenta 16,9% no per\u00edodo de janeiro a agosto"},"content":{"rendered":"<p> A <strong><em>inadimpl\u00eancia<\/em><\/strong> do consumidor apresentou alta de 16,9% no acumulado dos oito primeiros meses de 2015 em compara\u00e7\u00e3o ao mesmo per\u00edodo do ano passado.<\/p>\n<p>O Indicador Serasa Experian de Inadimpl\u00eancia do Consumidor mostra que, em agosto, houve aumento de 16,7% em rela\u00e7\u00e3o ao mesmo m\u00eas de 2014. J\u00e1 na varia\u00e7\u00e3o mensal, isto \u00e9, na compara\u00e7\u00e3o com julho de 2015, a inadimpl\u00eancia apresentou queda de 2,8%.<\/p>\n<p>\u201cA alta da inadimpl\u00eancia neste ano em rela\u00e7\u00e3o ao ano passado, caracter\u00edstica que vem predominando deste o in\u00edcio de 2015, \u00e9 causada pelo cen\u00e1rio econ\u00f4mico bastante adverso \u00e0 quita\u00e7\u00e3o das d\u00edvidas do consumidor: taxas de infla\u00e7\u00e3o, de juros e de desemprego bem mais altas neste ano de 2015. J\u00e1 a queda em rela\u00e7\u00e3o a julho de 2015 \u00e9 explicada pela menor quantidade de dias \u00fateis em agosto, 21 contra 23\u201d, destaca a Serasa, em nota.<\/p>\n<p>O valor m\u00e9dio das d\u00edvidas n\u00e3o banc\u00e1rias (cart\u00f5es de cr\u00e9dito, financeiras, lojas em geral e prestadoras de servi\u00e7os como telefonia e fornecimento de energia el\u00e9trica) aumentou 22,5%, ao passar de R$ 363,17 (de janeiro a agosto de 2014) para R$ 445,02 (janeiro a agosto de 2015).<\/p>\n<p>No acumulado dos oito primeiros meses de 2015 em compara\u00e7\u00e3o ao mesmo per\u00edodo do ano passado, os valores m\u00e9dios dos cheques sem fundos e da inadimpl\u00eancia com os bancos tamb\u00e9m cresceram: 9,7% (de R$ 1.715,50 para R$ 1.882,47) e 1,4% (de R$ 1.265,15 para R$ 1.282,87), respectivamente. J\u00e1 o valor m\u00e9dio dos t\u00edtulos protestados registrou queda de 2,9% (de R$ 1.428,39 para R$ 1.387,24).<\/p>\n<p>Bruno Bocchini &#8211; Rep\u00f3rter da Ag\u00eancia Brasil<br \/>\nEdi\u00e7\u00e3o: Juliana Andrade<\/p>\n","protected":false},"excerpt":{"rendered":"<p>A inadimpl\u00eancia do consumidor apresentou alta de 16,9% no acumulado dos oito primeiros meses de 2015 em compara\u00e7\u00e3o ao mesmo per\u00edodo do ano passado. O Indicador Serasa Experian de Inadimpl\u00eancia do Consumidor mostra que, em agosto, houve aumento de 16,7% em rela\u00e7\u00e3o ao mesmo m\u00eas de 2014. J\u00e1 na varia\u00e7\u00e3o mensal, isto \u00e9, na compara\u00e7\u00e3o [&hellip;]<\/p>\n","protected":false},"author":2,"featured_media":57585,"comment_status":"open","ping_status":"closed","sticky":false,"template":"","format":"standard","meta":{"_genesis_hide_title":false,"_genesis_hide_breadcrumbs":false,"_genesis_hide_singular_image":false,"_genesis_hide_footer_widgets":false,"_genesis_custom_body_class":"","_genesis_custom_post_class":"","_genesis_layout":"","_jetpack_memberships_contains_paid_content":false,"footnotes":""},"categories":[22,7],"tags":[],"class_list":{"0":"post-75180","1":"post","2":"type-post","3":"status-publish","4":"format-standard","5":"has-post-thumbnail","7":"category-brasil","8":"category-economia","9":"entry","10":"gs-1","11":"gs-odd","12":"gs-even","13":"gs-featured-content-entry"},"jetpack_featured_media_url":"https:\/\/www.redenoticia.com.br\/noticia\/imagens\/analise-economia.jpg","jetpack_sharing_enabled":true,"jetpack_likes_enabled":true,"_links":{"self":[{"href":"https:\/\/www.redenoticia.com.br\/noticia\/wp-json\/wp\/v2\/posts\/75180","targetHints":{"allow":["GET"]}}],"collection":[{"href":"https:\/\/www.redenoticia.com.br\/noticia\/wp-json\/wp\/v2\/posts"}],"about":[{"href":"https:\/\/www.redenoticia.com.br\/noticia\/wp-json\/wp\/v2\/types\/post"}],"author":[{"embeddable":true,"href":"https:\/\/www.redenoticia.com.br\/noticia\/wp-json\/wp\/v2\/users\/2"}],"replies":[{"embeddable":true,"href":"https:\/\/www.redenoticia.com.br\/noticia\/wp-json\/wp\/v2\/comments?post=75180"}],"version-history":[{"count":0,"href":"https:\/\/www.redenoticia.com.br\/noticia\/wp-json\/wp\/v2\/posts\/75180\/revisions"}],"wp:featuredmedia":[{"embeddable":true,"href":"https:\/\/www.redenoticia.com.br\/noticia\/wp-json\/wp\/v2\/media\/57585"}],"wp:attachment":[{"href":"https:\/\/www.redenoticia.com.br\/noticia\/wp-json\/wp\/v2\/media?parent=75180"}],"wp:term":[{"taxonomy":"category","embeddable":true,"href":"https:\/\/www.redenoticia.com.br\/noticia\/wp-json\/wp\/v2\/categories?post=75180"},{"taxonomy":"post_tag","embeddable":true,"href":"https:\/\/www.redenoticia.com.br\/noticia\/wp-json\/wp\/v2\/tags?post=75180"}],"curies":[{"name":"wp","href":"https:\/\/api.w.org\/{rel}","templated":true}]}}