{"id":75178,"date":"2015-09-15T15:27:52","date_gmt":"2015-09-15T18:27:52","guid":{"rendered":"http:\/\/www.redenoticia.com.br\/noticia\/?p=75178"},"modified":"2015-09-15T15:27:52","modified_gmt":"2015-09-15T18:27:52","slug":"firjan-diz-que-povo-e-empresas-nao-estao-em-condicoes-de-pagar-mais-impostos","status":"publish","type":"post","link":"https:\/\/www.redenoticia.com.br\/noticia\/2015\/firjan-diz-que-povo-e-empresas-nao-estao-em-condicoes-de-pagar-mais-impostos\/75178","title":{"rendered":"Firjan diz que povo e empresas n\u00e3o est\u00e3o em condi\u00e7\u00f5es de pagar mais impostos"},"content":{"rendered":"<p> O Sistema <strong><em>Firjan<\/em><\/strong> (Federa\u00e7\u00e3o das Ind\u00fastrias do Rio de Janeiro), formado por cinco organiza\u00e7\u00f5es &#8211; Sesi, Senai, Firjan, Cirj e IEL \u2013 informou, em nota assinada pelo presidente da entidade, Eduardo Eugenio Gouv\u00eaa Vieira, que o pacote de medidas anunciado nesta segunda-feira pelo governo apresenta o pecado capital de sempre: n\u00e3o ataca a causa dos desequil\u00edbrios fiscais que v\u00eam deteriorando a confian\u00e7a das empresas e das fam\u00edlias do pa\u00eds, e diz que nem a popula\u00e7\u00e3o nem as empresas est\u00e3o em condi\u00e7\u00f5es de pagar mais impostos.<\/p>\n<p>\u201cOs problemas do Brasil s\u00e3o estruturais. H\u00e1 anos gasta-se mais do que se arrecada, criando-se mais impostos para cobrir o buraco das contas p\u00fablicas. Este \u00e9 o ponto: n\u00e3o h\u00e1 mais espa\u00e7o para novos aumentos da carga tribut\u00e1ria. Ali\u00e1s, elevar impostos em um momento de grave recess\u00e3o como o que estamos vivendo aprofundar\u00e1 o problema fiscal, simplesmente porque ningu\u00e9m, nem pessoas nem empresas, t\u00eam atualmente condi\u00e7\u00f5es de pagar mais tributos. Prova disso \u00e9 que a arrecada\u00e7\u00e3o est\u00e1 em queda a despeito dos in\u00fameros aumentos de al\u00edquotas anunciados recentemente\u201d, diz a nota.<\/p>\n<p>Gouv\u00eaa Vieira disse ainda que como se n\u00e3o bastasse a ampla bateria de mais impostos, o governo anunciou que vai abocanhar quase um ter\u00e7o do or\u00e7amento do Sistema S, uma medida que amea\u00e7a inviabilizar o Senai, o Sesi e outras institui\u00e7\u00f5es fundamentais \u00e0 forma\u00e7\u00e3o de trabalhadores qualificados e, portanto, ao desenvolvimento do pa\u00eds.<\/p>\n<p>\u201cO Sistema Firjan tem defendido de forma insistente um ajuste fiscal com vis\u00e3o de longo prazo, baseado em metas anuais de redu\u00e7\u00e3o de gastos correntes, programa ousado de venda de ativos em lugar do aumento de impostos e a ado\u00e7\u00e3o de uma regra segundo a qual as despesas n\u00e3o podem crescer mais do que o PIB\u201d, argumentou.<\/p>\n<p>O presidente do Sistema Firjan disse ainda que \u201cs\u00f3 dessa forma o Brasil poder\u00e1 realmente aspirar sair da crise econ\u00f4mica e pol\u00edtica de maneira sustentada, e n\u00e3o com uma panaceia de medidas conjunturais. Lamentavelmente, o pa\u00eds perde mais uma oportunidade de retomar o rumo do crescimento, e de construir uma alian\u00e7a de toda a sociedade brasileira\u201d, afirma na nota.<\/p>\n<p>Douglas Correa &#8211; Rep\u00f3rter da Ag\u00eancia Brasil<br \/>\nEdi\u00e7\u00e3o: Jorge Wamburg<\/p>\n","protected":false},"excerpt":{"rendered":"<p>O Sistema Firjan (Federa\u00e7\u00e3o das Ind\u00fastrias do Rio de Janeiro), formado por cinco organiza\u00e7\u00f5es &#8211; Sesi, Senai, Firjan, Cirj e IEL \u2013 informou, em nota assinada pelo presidente da entidade, Eduardo Eugenio Gouv\u00eaa Vieira, que o pacote de medidas anunciado nesta segunda-feira pelo governo apresenta o pecado capital de sempre: n\u00e3o ataca a causa dos [&hellip;]<\/p>\n","protected":false},"author":2,"featured_media":57583,"comment_status":"open","ping_status":"closed","sticky":false,"template":"","format":"standard","meta":{"_genesis_hide_title":false,"_genesis_hide_breadcrumbs":false,"_genesis_hide_singular_image":false,"_genesis_hide_footer_widgets":false,"_genesis_custom_body_class":"","_genesis_custom_post_class":"","_genesis_layout":"","_jetpack_memberships_contains_paid_content":false,"footnotes":""},"categories":[22,7],"tags":[],"class_list":{"0":"post-75178","1":"post","2":"type-post","3":"status-publish","4":"format-standard","5":"has-post-thumbnail","7":"category-brasil","8":"category-economia","9":"entry","10":"gs-1","11":"gs-odd","12":"gs-even","13":"gs-featured-content-entry"},"jetpack_featured_media_url":"https:\/\/www.redenoticia.com.br\/noticia\/imagens\/economia-grafico.jpg","jetpack_sharing_enabled":true,"jetpack_likes_enabled":true,"_links":{"self":[{"href":"https:\/\/www.redenoticia.com.br\/noticia\/wp-json\/wp\/v2\/posts\/75178","targetHints":{"allow":["GET"]}}],"collection":[{"href":"https:\/\/www.redenoticia.com.br\/noticia\/wp-json\/wp\/v2\/posts"}],"about":[{"href":"https:\/\/www.redenoticia.com.br\/noticia\/wp-json\/wp\/v2\/types\/post"}],"author":[{"embeddable":true,"href":"https:\/\/www.redenoticia.com.br\/noticia\/wp-json\/wp\/v2\/users\/2"}],"replies":[{"embeddable":true,"href":"https:\/\/www.redenoticia.com.br\/noticia\/wp-json\/wp\/v2\/comments?post=75178"}],"version-history":[{"count":0,"href":"https:\/\/www.redenoticia.com.br\/noticia\/wp-json\/wp\/v2\/posts\/75178\/revisions"}],"wp:featuredmedia":[{"embeddable":true,"href":"https:\/\/www.redenoticia.com.br\/noticia\/wp-json\/wp\/v2\/media\/57583"}],"wp:attachment":[{"href":"https:\/\/www.redenoticia.com.br\/noticia\/wp-json\/wp\/v2\/media?parent=75178"}],"wp:term":[{"taxonomy":"category","embeddable":true,"href":"https:\/\/www.redenoticia.com.br\/noticia\/wp-json\/wp\/v2\/categories?post=75178"},{"taxonomy":"post_tag","embeddable":true,"href":"https:\/\/www.redenoticia.com.br\/noticia\/wp-json\/wp\/v2\/tags?post=75178"}],"curies":[{"name":"wp","href":"https:\/\/api.w.org\/{rel}","templated":true}]}}