{"id":75176,"date":"2015-09-15T15:26:45","date_gmt":"2015-09-15T18:26:45","guid":{"rendered":"http:\/\/www.redenoticia.com.br\/noticia\/?p=75176"},"modified":"2015-09-15T15:26:45","modified_gmt":"2015-09-15T18:26:45","slug":"caixa-solicita-pagamento-de-servicos-prestados-a-ministerios","status":"publish","type":"post","link":"https:\/\/www.redenoticia.com.br\/noticia\/2015\/caixa-solicita-pagamento-de-servicos-prestados-a-ministerios\/75176","title":{"rendered":"Caixa solicita pagamento de servi\u00e7os prestados a minist\u00e9rios"},"content":{"rendered":"<p> A <em><strong>Caixa<\/strong><\/em> Econ\u00f4mica Federal est\u00e1 cobrando na Justi\u00e7a Federal o pagamento de taxas de servi\u00e7os prestados aos minist\u00e9rios das Cidades e da Agricultura, Pecu\u00e1ria e Abastecimento.<\/p>\n<p>Segundo o banco, o processo \u2013 que tramita na Justi\u00e7a desde 2013 \u2013 n\u00e3o se refere a atrasos no repasses de recursos do governo para pagamentos de benef\u00edcios, em an\u00e1lise no Tribunal de Contas da Uni\u00e3o (TCU).<\/p>\n<p>Em julho, a Advocacia-Geral da Uni\u00e3o (AGU) entregou defesa do governo ao TCU a respeito do atraso no repasse de recursos para a Caixa Econ\u00f4mica Federal e o Banco do Brasil referentes a despesas com programas do governo como o Minha Casa, Minha Vida, o Bolsa Fam\u00edlia, o seguro-desemprego e o abono salarial, o que configuraria opera\u00e7\u00e3o de cr\u00e9dito.<\/p>\n<p>De acordo com a Caixa, a cobran\u00e7a na Justi\u00e7a refere-se a valores relativos a tarifas por presta\u00e7\u00e3o de servi\u00e7o. O banco n\u00e3o informou o valor cobrado na Justi\u00e7a. A Caixa disse ainda, por meio de nota, que o ajuizamento do processo foi realizado por imposi\u00e7\u00e3o de prazos legais. Se n\u00e3o, diz a Caixa, o banco perderia o direito de receber os valores. \u201cTrata-se de um procedimento adequado ao gestor p\u00fablico e usual entre entes do Governo\u201d.<\/p>\n<p>O Minist\u00e9rio das Cidades informou que j\u00e1 efetuou pagamento no valor de R$ 21,7 milh\u00f5es \u00e0 Caixa Econ\u00f4mica Federal. Segundo o minist\u00e9rio, a negocia\u00e7\u00e3o com a Caixa foi feita por meio da C\u00e2mara de Concilia\u00e7\u00e3o e Arbitragem da Administra\u00e7\u00e3o Federal, mas o processo foi arquivado, no final de 2014, devido a \u201cprazos de pagamento n\u00e3o aceitos\u201d. No entanto, o Minist\u00e9rio das Cidades j\u00e1 solicitou a reabertura da negocia\u00e7\u00e3o por via administrativa.<\/p>\n<p>Procurados pela Ag\u00eancia Brasil, o Minist\u00e9rio da Agricultura e a Advocacia-Geral da Uni\u00e3o (AGU), \u00f3rg\u00e3o que defende os dois minist\u00e9rios na Justi\u00e7a, ainda n\u00e3o se pronunciaram sobre o assunto.<\/p>\n<p>Kelly Oliveira \u2013 Rep\u00f3rter da Ag\u00eancia Brasil<br \/>\nEdi\u00e7\u00e3o: Jos\u00e9 Romildo<\/p>\n","protected":false},"excerpt":{"rendered":"<p>A Caixa Econ\u00f4mica Federal est\u00e1 cobrando na Justi\u00e7a Federal o pagamento de taxas de servi\u00e7os prestados aos minist\u00e9rios das Cidades e da Agricultura, Pecu\u00e1ria e Abastecimento. Segundo o banco, o processo \u2013 que tramita na Justi\u00e7a desde 2013 \u2013 n\u00e3o se refere a atrasos no repasses de recursos do governo para pagamentos de benef\u00edcios, em [&hellip;]<\/p>\n","protected":false},"author":2,"featured_media":34928,"comment_status":"open","ping_status":"closed","sticky":false,"template":"","format":"standard","meta":{"_genesis_hide_title":false,"_genesis_hide_breadcrumbs":false,"_genesis_hide_singular_image":false,"_genesis_hide_footer_widgets":false,"_genesis_custom_body_class":"","_genesis_custom_post_class":"","_genesis_layout":"","_jetpack_memberships_contains_paid_content":false,"footnotes":""},"categories":[22],"tags":[],"class_list":{"0":"post-75176","1":"post","2":"type-post","3":"status-publish","4":"format-standard","5":"has-post-thumbnail","7":"category-brasil","8":"entry","9":"gs-1","10":"gs-odd","11":"gs-even","12":"gs-featured-content-entry"},"jetpack_featured_media_url":"https:\/\/www.redenoticia.com.br\/noticia\/imagens\/caixa.jpg","jetpack_sharing_enabled":true,"jetpack_likes_enabled":true,"_links":{"self":[{"href":"https:\/\/www.redenoticia.com.br\/noticia\/wp-json\/wp\/v2\/posts\/75176","targetHints":{"allow":["GET"]}}],"collection":[{"href":"https:\/\/www.redenoticia.com.br\/noticia\/wp-json\/wp\/v2\/posts"}],"about":[{"href":"https:\/\/www.redenoticia.com.br\/noticia\/wp-json\/wp\/v2\/types\/post"}],"author":[{"embeddable":true,"href":"https:\/\/www.redenoticia.com.br\/noticia\/wp-json\/wp\/v2\/users\/2"}],"replies":[{"embeddable":true,"href":"https:\/\/www.redenoticia.com.br\/noticia\/wp-json\/wp\/v2\/comments?post=75176"}],"version-history":[{"count":0,"href":"https:\/\/www.redenoticia.com.br\/noticia\/wp-json\/wp\/v2\/posts\/75176\/revisions"}],"wp:featuredmedia":[{"embeddable":true,"href":"https:\/\/www.redenoticia.com.br\/noticia\/wp-json\/wp\/v2\/media\/34928"}],"wp:attachment":[{"href":"https:\/\/www.redenoticia.com.br\/noticia\/wp-json\/wp\/v2\/media?parent=75176"}],"wp:term":[{"taxonomy":"category","embeddable":true,"href":"https:\/\/www.redenoticia.com.br\/noticia\/wp-json\/wp\/v2\/categories?post=75176"},{"taxonomy":"post_tag","embeddable":true,"href":"https:\/\/www.redenoticia.com.br\/noticia\/wp-json\/wp\/v2\/tags?post=75176"}],"curies":[{"name":"wp","href":"https:\/\/api.w.org\/{rel}","templated":true}]}}