{"id":75141,"date":"2015-09-14T15:05:45","date_gmt":"2015-09-14T18:05:45","guid":{"rendered":"http:\/\/www.redenoticia.com.br\/noticia\/?p=75141"},"modified":"2015-09-14T15:05:45","modified_gmt":"2015-09-14T18:05:45","slug":"juros-do-cartao-de-credito-chegam-a-35079-ao-ano","status":"publish","type":"post","link":"https:\/\/www.redenoticia.com.br\/noticia\/2015\/juros-do-cartao-de-credito-chegam-a-35079-ao-ano\/75141","title":{"rendered":"Juros do cart\u00e3o de cr\u00e9dito chegam a 350,79% ao ano"},"content":{"rendered":"<p> A taxa m\u00e9dia de <strong><em>juros do cart\u00e3o de cr\u00e9dito<\/em><\/strong> chegou a 350,79% ao ano, segundo levantamento da Associa\u00e7\u00e3o Nacional dos Executivos de Finan\u00e7as, Administra\u00e7\u00e3o e Contabilidade (Anefac). Ao m\u00eas, a taxa do cart\u00e3o est\u00e1 em 13,37%, aumento de 0,34 ponto percentual em rela\u00e7\u00e3o a julho.<\/p>\n<p> No cheque especial, a taxa m\u00e9dia ficou em 218,17% ao ano (10,14% ao m\u00eas), com eleva\u00e7\u00e3o de 0,04 ponto percentual na compara\u00e7\u00e3o com julho. A taxa m\u00e9dia geral de juros para pessoa f\u00edsica teve um aumento de 0,08 ponto percentual entre julho e agosto, chegando a 128,78% ao ano \u2013 7,14% ao m\u00eas. Al\u00e9m do cart\u00e3o de cr\u00e9dito  e cheque especial, a pesquisa leva em considera\u00e7\u00e3o o cr\u00e9dito para autom\u00f3veis, o financiamento pessoal em bancos, o cr\u00e9dito em financeiras e os juros do com\u00e9rcio.<\/p>\n<p>Para pessoa jur\u00eddica, a taxa m\u00e9dia geral de juros subiu 0,03 ponto percentual e ficou em 61,77% em agosto \u2013 (4,09% ao m\u00eas). S\u00e3o consideradas as taxas para cheque especial, desconto de duplicatas e cr\u00e9dito para capital de giro. A maior deles \u00e9 do cheque especial, 6,99% ao m\u00eas.<\/p>\n<p>A Anefac atribuiu o aumento dos juros ao cen\u00e1rio econ\u00f4mico inst\u00e1vel, que aumenta o risco de inadimpl\u00eancia. \u201cEste cen\u00e1rio se baseia no fato dos \u00edndices de infla\u00e7\u00e3o mais elevados, aumento de impostos e juros maiores reduzirem a renda das fam\u00edlias. Agregado a isto o baixo crescimento econ\u00f4mico, o que deve promover no crescimento dos \u00edndices de desemprego\u201d, ressalta a nota da entidade.<\/p>\n<p>A associa\u00e7\u00e3o lembra ainda que a eleva\u00e7\u00e3o da Contribui\u00e7\u00e3o Social sobre o lucro l\u00edquido (CSLL) para os bancos deve compor novos aumentos nos juros. A medida que aumenta o tributo de 15% para 20% entrou em vigor no in\u00edcio de setembro.<\/p>\n<p>Daniel Mello &#8211; Rep\u00f3rter da Ag\u00eancia Brasil<br \/>\nEdi\u00e7\u00e3o: Jos\u00e9 Romildo<\/p>\n","protected":false},"excerpt":{"rendered":"<p>A taxa m\u00e9dia de juros do cart\u00e3o de cr\u00e9dito chegou a 350,79% ao ano, segundo levantamento da Associa\u00e7\u00e3o Nacional dos Executivos de Finan\u00e7as, Administra\u00e7\u00e3o e Contabilidade (Anefac). Ao m\u00eas, a taxa do cart\u00e3o est\u00e1 em 13,37%, aumento de 0,34 ponto percentual em rela\u00e7\u00e3o a julho. No cheque especial, a taxa m\u00e9dia ficou em 218,17% ao [&hellip;]<\/p>\n","protected":false},"author":2,"featured_media":38940,"comment_status":"open","ping_status":"closed","sticky":false,"template":"","format":"standard","meta":{"_genesis_hide_title":false,"_genesis_hide_breadcrumbs":false,"_genesis_hide_singular_image":false,"_genesis_hide_footer_widgets":false,"_genesis_custom_body_class":"","_genesis_custom_post_class":"","_genesis_layout":"","_jetpack_memberships_contains_paid_content":false,"footnotes":""},"categories":[22,7],"tags":[],"class_list":{"0":"post-75141","1":"post","2":"type-post","3":"status-publish","4":"format-standard","5":"has-post-thumbnail","7":"category-brasil","8":"category-economia","9":"entry","10":"gs-1","11":"gs-odd","12":"gs-even","13":"gs-featured-content-entry"},"jetpack_featured_media_url":"https:\/\/www.redenoticia.com.br\/noticia\/imagens\/grafico.jpg","jetpack_sharing_enabled":true,"jetpack_likes_enabled":true,"_links":{"self":[{"href":"https:\/\/www.redenoticia.com.br\/noticia\/wp-json\/wp\/v2\/posts\/75141","targetHints":{"allow":["GET"]}}],"collection":[{"href":"https:\/\/www.redenoticia.com.br\/noticia\/wp-json\/wp\/v2\/posts"}],"about":[{"href":"https:\/\/www.redenoticia.com.br\/noticia\/wp-json\/wp\/v2\/types\/post"}],"author":[{"embeddable":true,"href":"https:\/\/www.redenoticia.com.br\/noticia\/wp-json\/wp\/v2\/users\/2"}],"replies":[{"embeddable":true,"href":"https:\/\/www.redenoticia.com.br\/noticia\/wp-json\/wp\/v2\/comments?post=75141"}],"version-history":[{"count":0,"href":"https:\/\/www.redenoticia.com.br\/noticia\/wp-json\/wp\/v2\/posts\/75141\/revisions"}],"wp:featuredmedia":[{"embeddable":true,"href":"https:\/\/www.redenoticia.com.br\/noticia\/wp-json\/wp\/v2\/media\/38940"}],"wp:attachment":[{"href":"https:\/\/www.redenoticia.com.br\/noticia\/wp-json\/wp\/v2\/media?parent=75141"}],"wp:term":[{"taxonomy":"category","embeddable":true,"href":"https:\/\/www.redenoticia.com.br\/noticia\/wp-json\/wp\/v2\/categories?post=75141"},{"taxonomy":"post_tag","embeddable":true,"href":"https:\/\/www.redenoticia.com.br\/noticia\/wp-json\/wp\/v2\/tags?post=75141"}],"curies":[{"name":"wp","href":"https:\/\/api.w.org\/{rel}","templated":true}]}}