{"id":75139,"date":"2015-09-14T15:03:56","date_gmt":"2015-09-14T18:03:56","guid":{"rendered":"http:\/\/www.redenoticia.com.br\/noticia\/?p=75139"},"modified":"2015-09-14T15:03:56","modified_gmt":"2015-09-14T18:03:56","slug":"mercado-preve-queda-da-economia-de-255-este-ano","status":"publish","type":"post","link":"https:\/\/www.redenoticia.com.br\/noticia\/2015\/mercado-preve-queda-da-economia-de-255-este-ano\/75139","title":{"rendered":"Mercado prev\u00ea queda da economia de 2,55% este ano"},"content":{"rendered":"<p> A proje\u00e7\u00e3o de institui\u00e7\u00f5es financeiras para o encolhimento da economia este ano passou pelo novo ajuste. Desta vez, a estimativa para a <strong><em>queda do Produto Interno Bruto<\/em><\/strong> (PIB), soma de todos os bens e servi\u00e7os produzidos no pa\u00eds, passou de 2,44% para 2,55%. A expectativa de retra\u00e7\u00e3o em 2016 tamb\u00e9m foi alterada: de 0,5% para 0,6%, na sexta piora consecutiva.<\/p>\n<p>Essas estimativas s\u00e3o do boletim Focus, uma publica\u00e7\u00e3o semanal elaborada pelo Banco Central (BC), com base em proje\u00e7\u00f5es de institui\u00e7\u00f5es financeiras para os principais indicadores da economia.<\/p>\n<p>Na avalia\u00e7\u00e3o do mercado financeiro, a produ\u00e7\u00e3o industrial deve apresentar retra\u00e7\u00e3o de 6,2%, este ano. Na semana passada, a proje\u00e7\u00e3o de queda era 6%. Em 2016, o setor deve se recuperar, mas a proje\u00e7\u00e3o de crescimento est\u00e1 cada vez menor: passou de 0,72% para 0,5%, no terceiro ajuste seguido.<\/p>\n<p>Na previs\u00e3o das institui\u00e7\u00f5es financeiras, a recess\u00e3o da economia vem acompanhada de infla\u00e7\u00e3o acima da meta, este ano. A meta \u00e9 4,5%, com limite superior de 6,5%. A estimativa das institui\u00e7\u00f5es financeiras para o \u00cdndice Nacional de Pre\u00e7os ao Consumidor Amplo (IPCA), este ano, foi ajustada de 9,29% para 9,28%. Para o pr\u00f3ximo ano, a expectativa \u00e9 que a infla\u00e7\u00e3o fique abaixo do limite superior, mas ainda distante do centro da meta, em 5,64%. Na semana passada, essa proje\u00e7\u00e3o estava em 5,58%. Esse foi o sexto aumento seguido na proje\u00e7\u00e3o para infla\u00e7\u00e3o em 2016.<\/p>\n<p>Para tentar trazer a infla\u00e7\u00e3o para a meta, o BC elevou a taxa b\u00e1sica de juros, a Selic, por sete vezes seguidas. Depois desse ciclo de alta, na reuni\u00e3o do Comit\u00ea de Pol\u00edtica Monet\u00e1ria (Copom), no \u00ednicio do m\u00eas, a Selic foi mantida em 14,25% ao ano.<\/p>\n<p>Para as institui\u00e7\u00f5es financeiras, a Selic deve permanecer em 14,25% ao ano at\u00e9 o fim de 2015 e ser reduzida em 2016. A proje\u00e7\u00e3o mediana (desconsidera os extremos da estimativa) para o fim de 2016 segue em 12% ao ano.<\/p>\n<p>A taxa \u00e9 usada nas negocia\u00e7\u00f5es de t\u00edtulos p\u00fablicos no Sistema Especial de Liquida\u00e7\u00e3o e Cust\u00f3dia (Selic) e serve como refer\u00eancia para as demais taxas de juros da economia. Ao reajust\u00e1-la para cima, o BC cont\u00e9m o excesso de demanda que pressiona os pre\u00e7os, porque os juros mais altos encarecem o cr\u00e9dito e estimulam a poupan\u00e7a. Quando reduz os juros b\u00e1sicos, o Copom barateia o cr\u00e9dito e incentiva a produ\u00e7\u00e3o e o consumo, mas alivia o controle sobre a infla\u00e7\u00e3o.<\/p>\n<p>Ao manter a Selic, o BC indica que ajustes anteriores foram suficientes para produzir os efeitos esperados na economia. O BC costuma dizer que os efeitos de eleva\u00e7\u00e3o da Selic se acumulam e levam tempo para aparecer.<\/p>\n<p>A pesquisa do BC tamb\u00e9m traz a proje\u00e7\u00e3o para a infla\u00e7\u00e3o medida pelo \u00cdndice Geral de Pre\u00e7os \u2013 Disponibilidade Interna (IGP-DI), que subiu de 7,75% para 7,77%, este ano. Para o \u00cdndice Geral de Pre\u00e7os &#8211; Mercado (IGP-M), a estimativa passou de 7,63% para 7,77%, em 2015. A estimativa para o \u00cdndice de Pre\u00e7os ao Consumidor da Funda\u00e7\u00e3o Instituto de Pesquisas Econ\u00f4micas (IPC-Fipe) foi alterada de 9,33% para 9,30%, este ano.<\/p>\n<p>A proje\u00e7\u00e3o para a cota\u00e7\u00e3o do d\u00f3lar, ao final este ano foi ajustada de R$ 3,60 para R$ 3,70. Para o fim de 2016, a proje\u00e7\u00e3o passou de R$ 3,70 para R$ 3,80.<\/p>\n<p>Kelly Oliveira \u2013 Rep\u00f3rter da Ag\u00eancia Brasil<br \/>\nEdi\u00e7\u00e3o: Jos\u00e9 Romildo<\/p>\n","protected":false},"excerpt":{"rendered":"<p>A proje\u00e7\u00e3o de institui\u00e7\u00f5es financeiras para o encolhimento da economia este ano passou pelo novo ajuste. Desta vez, a estimativa para a queda do Produto Interno Bruto (PIB), soma de todos os bens e servi\u00e7os produzidos no pa\u00eds, passou de 2,44% para 2,55%. A expectativa de retra\u00e7\u00e3o em 2016 tamb\u00e9m foi alterada: de 0,5% para [&hellip;]<\/p>\n","protected":false},"author":2,"featured_media":57583,"comment_status":"open","ping_status":"closed","sticky":false,"template":"","format":"standard","meta":{"_genesis_hide_title":false,"_genesis_hide_breadcrumbs":false,"_genesis_hide_singular_image":false,"_genesis_hide_footer_widgets":false,"_genesis_custom_body_class":"","_genesis_custom_post_class":"","_genesis_layout":"","_jetpack_memberships_contains_paid_content":false,"footnotes":""},"categories":[22,7],"tags":[],"class_list":{"0":"post-75139","1":"post","2":"type-post","3":"status-publish","4":"format-standard","5":"has-post-thumbnail","7":"category-brasil","8":"category-economia","9":"entry","10":"gs-1","11":"gs-odd","12":"gs-even","13":"gs-featured-content-entry"},"jetpack_featured_media_url":"https:\/\/www.redenoticia.com.br\/noticia\/imagens\/economia-grafico.jpg","jetpack_sharing_enabled":true,"jetpack_likes_enabled":true,"_links":{"self":[{"href":"https:\/\/www.redenoticia.com.br\/noticia\/wp-json\/wp\/v2\/posts\/75139","targetHints":{"allow":["GET"]}}],"collection":[{"href":"https:\/\/www.redenoticia.com.br\/noticia\/wp-json\/wp\/v2\/posts"}],"about":[{"href":"https:\/\/www.redenoticia.com.br\/noticia\/wp-json\/wp\/v2\/types\/post"}],"author":[{"embeddable":true,"href":"https:\/\/www.redenoticia.com.br\/noticia\/wp-json\/wp\/v2\/users\/2"}],"replies":[{"embeddable":true,"href":"https:\/\/www.redenoticia.com.br\/noticia\/wp-json\/wp\/v2\/comments?post=75139"}],"version-history":[{"count":0,"href":"https:\/\/www.redenoticia.com.br\/noticia\/wp-json\/wp\/v2\/posts\/75139\/revisions"}],"wp:featuredmedia":[{"embeddable":true,"href":"https:\/\/www.redenoticia.com.br\/noticia\/wp-json\/wp\/v2\/media\/57583"}],"wp:attachment":[{"href":"https:\/\/www.redenoticia.com.br\/noticia\/wp-json\/wp\/v2\/media?parent=75139"}],"wp:term":[{"taxonomy":"category","embeddable":true,"href":"https:\/\/www.redenoticia.com.br\/noticia\/wp-json\/wp\/v2\/categories?post=75139"},{"taxonomy":"post_tag","embeddable":true,"href":"https:\/\/www.redenoticia.com.br\/noticia\/wp-json\/wp\/v2\/tags?post=75139"}],"curies":[{"name":"wp","href":"https:\/\/api.w.org\/{rel}","templated":true}]}}