{"id":75050,"date":"2015-09-11T16:51:21","date_gmt":"2015-09-11T19:51:21","guid":{"rendered":"http:\/\/www.redenoticia.com.br\/noticia\/?p=75050"},"modified":"2015-09-11T16:51:21","modified_gmt":"2015-09-11T19:51:21","slug":"rebaixamento-pode-trazer-desemprego-a-longo-prazo-diz-professor-da-usp","status":"publish","type":"post","link":"https:\/\/www.redenoticia.com.br\/noticia\/2015\/rebaixamento-pode-trazer-desemprego-a-longo-prazo-diz-professor-da-usp\/75050","title":{"rendered":"Rebaixamento pode trazer desemprego a longo prazo, diz professor da USP"},"content":{"rendered":"<p> A perda do grau de investimento pela ag\u00eancia Standard &amp; Poor&#8217;s poder\u00e1 aumentar, a longo prazo, o <strong><em>desemprego<\/em><\/strong> no Brasil. A avalia\u00e7\u00e3o \u00e9 do professor de economia da Universidade de S\u00e3o Paulo (USP), Paulo Feldmann. De acordo com ele, a decis\u00e3o da ag\u00eancia acentuar\u00e1 a retirada de investimentos de multinacionais no pa\u00eds.<\/p>\n<p>\u201cAs multinacionais diminu\u00edram e v\u00e3o continuar a diminuir os investimentos. Com uma not\u00edcia como essa, essa decis\u00e3o ser\u00e1 acentuada\u201d, disse em entrevista \u00e0 Ag\u00eancia Brasil. \u201cOs investimentos das empresas multinacionais quase sempre geram empregos. Em geral, s\u00e3o investimentos para aquisi\u00e7\u00e3o de novas f\u00e1bricas ou expans\u00e3o das atividades j\u00e1 existentes\u201d, acrescentou.<\/p>\n<p>Segundo o professor, al\u00e9m das multinacionais, os fundos de a\u00e7\u00f5es dever\u00e3o diminuir a aplica\u00e7\u00e3o de recursos em empresas brasileiras e nos t\u00edtulos do governo. \u201cEsses fundos t\u00eam, por norma, que levar em considera\u00e7\u00e3o essas avalia\u00e7\u00f5es das ag\u00eancias de rating. Provavelmente, v\u00e3o aplicar muito menos no Brasil agora e, alguns, inclusive, v\u00e3o retirar seus investimentos e suas aplica\u00e7\u00f5es, principalmente em a\u00e7\u00f5es de empresas brasileiras.&#8221;<\/p>\n<p>Feldmann considerou, no entanto, que a situa\u00e7\u00e3o econ\u00f4mica brasileira n\u00e3o justifica a perda do grau de investimento anunciado pela Standard &amp; Poor&#8217;s. Segundo ele, a decis\u00e3o foi pol\u00edtica e pouco t\u00e9cnica. \u201cFoi uma decis\u00e3o pol\u00edtica da ag\u00eancia, porque o Brasil n\u00e3o merecia isso. Tem pa\u00edses muito piores [que n\u00e3o perderam o grau de investimento]\u201d, disse.<\/p>\n<p>\u201cO Brasil tem honrado todos os seus compromissos, tem uma d\u00edvida externa muito pequena, o endividamento sobre o PIB [Produto Interno Bruto] n\u00e3o \u00e9 t\u00e3o alto, pelo contr\u00e1rio. Se a gente descontar o que o Brasil tem de reservas, a d\u00edvida l\u00edquida brasileira \u00e9 de cerca de 35% do PIB. \u00c9 muito baixo. Foi uma grande injusti\u00e7a e mostra que essas ag\u00eancias atuam sempre com conota\u00e7\u00e3o pol\u00edtica\u201d, acrescentou.<\/p>\n<p>Por\u00e9m, o professor ressalta que a situa\u00e7\u00e3o econ\u00f4mica do pa\u00eds est\u00e1 \u201ccomplicada\u201d e falta uma a\u00e7\u00e3o mais eficaz dos ministros da \u00e1rea econ\u00f4mica. Feldmann destaca que o governo erra ao n\u00e3o reduzir a taxa de juros. \u201cO Brasil vai pagar em juros quase 500 bilh\u00f5es de reais [ao ano], o que \u00e9, mais ou menos, 7% do PIB brasileiro. Isso n\u00e3o existe em lugar nenhum do mundo. Mesmo pa\u00edses que est\u00e3o muito mal, como a Gr\u00e9cia, n\u00e3o pagam tudo isso de juros\u201d, disse.<\/p>\n<p>Segundo Feldmann, a taxa de juros alta \u00e9 uma das raz\u00f5es porque o governo n\u00e3o consegue fechar as suas contas. De acordo com o professor, se a taxa de juros ca\u00edsse dos 14,5% atuais para 9%, a economia gerada seria de R$ 150 bilh\u00f5es.<\/p>\n<p>\u201c\u00c9 uma senhora economia. Na minha opini\u00e3o, o governo est\u00e1 no caminho totalmente errado ao aumentar a taxa de juros, achando que, dessa forma, vai combater a infla\u00e7\u00e3o. N\u00e3o combate, pelo contr\u00e1rio, a infla\u00e7\u00e3o est\u00e1 aumentando. N\u00e3o est\u00e1 funcionando\u201d, afirmou.<\/p>\n<p>Bruno Bocchini \u2013 Rep\u00f3rter da Ag\u00eancia Brasil<br \/>\nEdi\u00e7\u00e3o: Maria Claudia<\/p>\n","protected":false},"excerpt":{"rendered":"<p>A perda do grau de investimento pela ag\u00eancia Standard &amp; Poor&#8217;s poder\u00e1 aumentar, a longo prazo, o desemprego no Brasil. A avalia\u00e7\u00e3o \u00e9 do professor de economia da Universidade de S\u00e3o Paulo (USP), Paulo Feldmann. De acordo com ele, a decis\u00e3o da ag\u00eancia acentuar\u00e1 a retirada de investimentos de multinacionais no pa\u00eds. \u201cAs multinacionais diminu\u00edram [&hellip;]<\/p>\n","protected":false},"author":2,"featured_media":57585,"comment_status":"open","ping_status":"closed","sticky":false,"template":"","format":"standard","meta":{"_genesis_hide_title":false,"_genesis_hide_breadcrumbs":false,"_genesis_hide_singular_image":false,"_genesis_hide_footer_widgets":false,"_genesis_custom_body_class":"","_genesis_custom_post_class":"","_genesis_layout":"","_jetpack_memberships_contains_paid_content":false,"footnotes":""},"categories":[22,7],"tags":[],"class_list":{"0":"post-75050","1":"post","2":"type-post","3":"status-publish","4":"format-standard","5":"has-post-thumbnail","7":"category-brasil","8":"category-economia","9":"entry","10":"gs-1","11":"gs-odd","12":"gs-even","13":"gs-featured-content-entry"},"jetpack_featured_media_url":"https:\/\/www.redenoticia.com.br\/noticia\/imagens\/analise-economia.jpg","jetpack_sharing_enabled":true,"jetpack_likes_enabled":true,"_links":{"self":[{"href":"https:\/\/www.redenoticia.com.br\/noticia\/wp-json\/wp\/v2\/posts\/75050","targetHints":{"allow":["GET"]}}],"collection":[{"href":"https:\/\/www.redenoticia.com.br\/noticia\/wp-json\/wp\/v2\/posts"}],"about":[{"href":"https:\/\/www.redenoticia.com.br\/noticia\/wp-json\/wp\/v2\/types\/post"}],"author":[{"embeddable":true,"href":"https:\/\/www.redenoticia.com.br\/noticia\/wp-json\/wp\/v2\/users\/2"}],"replies":[{"embeddable":true,"href":"https:\/\/www.redenoticia.com.br\/noticia\/wp-json\/wp\/v2\/comments?post=75050"}],"version-history":[{"count":0,"href":"https:\/\/www.redenoticia.com.br\/noticia\/wp-json\/wp\/v2\/posts\/75050\/revisions"}],"wp:featuredmedia":[{"embeddable":true,"href":"https:\/\/www.redenoticia.com.br\/noticia\/wp-json\/wp\/v2\/media\/57585"}],"wp:attachment":[{"href":"https:\/\/www.redenoticia.com.br\/noticia\/wp-json\/wp\/v2\/media?parent=75050"}],"wp:term":[{"taxonomy":"category","embeddable":true,"href":"https:\/\/www.redenoticia.com.br\/noticia\/wp-json\/wp\/v2\/categories?post=75050"},{"taxonomy":"post_tag","embeddable":true,"href":"https:\/\/www.redenoticia.com.br\/noticia\/wp-json\/wp\/v2\/tags?post=75050"}],"curies":[{"name":"wp","href":"https:\/\/api.w.org\/{rel}","templated":true}]}}