{"id":75048,"date":"2015-09-11T16:50:20","date_gmt":"2015-09-11T19:50:20","guid":{"rendered":"http:\/\/www.redenoticia.com.br\/noticia\/?p=75048"},"modified":"2015-09-11T16:50:20","modified_gmt":"2015-09-11T19:50:20","slug":"fiesp-e-firjan-culpam-governo-pelo-rebaixamento-do-brasil-em-agencia-de-risco","status":"publish","type":"post","link":"https:\/\/www.redenoticia.com.br\/noticia\/2015\/fiesp-e-firjan-culpam-governo-pelo-rebaixamento-do-brasil-em-agencia-de-risco\/75048","title":{"rendered":"Fiesp e Firjan culpam governo pelo rebaixamento do Brasil em ag\u00eancia de risco"},"content":{"rendered":"<p> Em nota conjunta sobre a perda do <strong><em>grau de investimento<\/em><\/strong> do Brasil na classifica\u00e7\u00e3o de risco da ag\u00eancia Standard &amp; Poor&#8217;s, os presidentes da Federa\u00e7\u00e3o das Ind\u00fastrias do Estado de S\u00e3o Paulo (Fiesp) e da Federa\u00e7\u00e3o das Ind\u00fastrias do Estado do Rio de Janeiro (Firjan), respectivamente Paulo Skaf e Eduardo Eug\u00eanio Gouv\u00eaa Vieira, disseram estar perplexos \u201ccom a ina\u00e7\u00e3o do governo diante da deteriora\u00e7\u00e3o crescente do quadro econ\u00f4mico do pa\u00eds\u201d.<\/p>\n<p>Para eles, a perda do grau de investimento \u201c\u00e9 o desfecho de uma s\u00e9rie de hesita\u00e7\u00f5es, equ\u00edvocos e incapacidade de lidar com os desafios de uma conjuntura econ\u00f4mica cujo esfacelamento \u00e9 resultado de incont\u00e1veis erros cometidos ao longo dos \u00faltimos anos\u201d.<\/p>\n<p>Na nota, os presidentes das duas federa\u00e7\u00f5es pedem que o governo implemente um \u201crigoroso ajuste fiscal no pa\u00eds\u201d, baseado em cortes de despesas, e repudiam \u201ccom \u00eanfase\u201d novos aumentos de impostos: \u201cEsta \u00e9 a receita f\u00e1cil de sempre, mas a sociedade n\u00e3o aguenta mais pagar a conta da incompet\u00eancia do Estado\u201d.<\/p>\n<p>\u201cS\u00f3 reformas estruturais de longo prazo recolocar\u00e3o o Brasil no rumo do crescimento econ\u00f4mico e gera\u00e7\u00e3o de emprego. O setor produtivo precisa de menos tributos para voltar a dar conta de girar a roda da economia\u201d, afirmam os presidentes na nota conjunta, ressaltando que, at\u00e9 o final do ano o pa\u00eds corre o risco de ter 1,5 milh\u00e3o de postos de trabalho perdidos caso nada seja feito. \u201cO Brasil n\u00e3o pode mais esperar\u201d, dizem eles no final do texto.<\/p>\n<p>Para o presidente em exerc\u00edcio da Associa\u00e7\u00e3o Comercial de S\u00e3o Paulo (ACSP) e da Federa\u00e7\u00e3o das Associa\u00e7\u00f5es Comerciais do Estado de S\u00e3o Paulo (Facesp) Roberto Mateus Ordine, a retirada do grau de investimento do pa\u00eds pela ag\u00eancia Standard and Poor&#8217;s vai exigir que o governo corte gastos.<\/p>\n<p>\u201cN\u00e3o faltaram avisos, das ag\u00eancias de risco e do mercado, de que haveria esse rebaixamento. Agora, resta ao governo brasileiro cortar gastos, se conscientizar de que parte do esfor\u00e7o precisa vir dele pr\u00f3prio, e rapidamente, antes que as outras ag\u00eancias tamb\u00e9m rebaixem o Brasil, o que geraria disparada do d\u00f3lar e levaria a infla\u00e7\u00e3o aos dois d\u00edgitos &#8211; e isso justamente agora, que a infla\u00e7\u00e3o come\u00e7a a se estabilizar\u201d, disse Ordine, por meio de nota.<\/p>\n<p>Segundo ele, o governo precisa fazer os cortes de gastos, e de forma r\u00e1pida, para n\u00e3o agravar a recess\u00e3o e o desemprego no pa\u00eds. \u201cO setor privado n\u00e3o pode arcar com novos aumentos tribut\u00e1rios sob pena de agravar mais a recess\u00e3o e o desemprego. O governo precisa fazer a parte dele no ajuste, conforme prometido; precisa cortar e postergar gastos para obter super\u00e1vit. Rejeitamos qualquer proposta de aumento porque isso j\u00e1 foi feito\u201d.<\/p>\n<p>Para o presidente do Sindicato da Ind\u00fastria da Constru\u00e7\u00e3o Civil no Estado de S\u00e3o Paulo (SindusCon-SP), Jos\u00e9 Romeu Ferraz Neto, o rebaixamento da nota do pa\u00eds \u00e9 \u201cum cen\u00e1rio terr\u00edvel para o setor\u201d, que representa 50% do investimento do Produto Interno Bruto (PIB) nacional e \u201cprecisa intensamente de cr\u00e9dito para produzir\u201d. Para ele, o setor vai ser afetado por uma menor entrada de capital. \u201cA recess\u00e3o pode ser mais dura e prolongada e a recupera\u00e7\u00e3o ser\u00e1 mais lenta e a constru\u00e7\u00e3o n\u00e3o reage no curto prazo\u201d. Em agosto, o sindicato revisou sua proje\u00e7\u00e3o do PIB da constru\u00e7\u00e3o para o ano de uma retra\u00e7\u00e3o de 5,5% para uma queda de 7%.<\/p>\n<p>Elaine Patricia Cruz &#8211; Rep\u00f3rter da Ag\u00eancia Brasil<br \/>\nEdi\u00e7\u00e3o: Jorge Wamburg<\/p>\n","protected":false},"excerpt":{"rendered":"<p>Em nota conjunta sobre a perda do grau de investimento do Brasil na classifica\u00e7\u00e3o de risco da ag\u00eancia Standard &amp; Poor&#8217;s, os presidentes da Federa\u00e7\u00e3o das Ind\u00fastrias do Estado de S\u00e3o Paulo (Fiesp) e da Federa\u00e7\u00e3o das Ind\u00fastrias do Estado do Rio de Janeiro (Firjan), respectivamente Paulo Skaf e Eduardo Eug\u00eanio Gouv\u00eaa Vieira, disseram estar [&hellip;]<\/p>\n","protected":false},"author":2,"featured_media":57583,"comment_status":"open","ping_status":"closed","sticky":false,"template":"","format":"standard","meta":{"_genesis_hide_title":false,"_genesis_hide_breadcrumbs":false,"_genesis_hide_singular_image":false,"_genesis_hide_footer_widgets":false,"_genesis_custom_body_class":"","_genesis_custom_post_class":"","_genesis_layout":"","_jetpack_memberships_contains_paid_content":false,"footnotes":""},"categories":[22,7],"tags":[],"class_list":{"0":"post-75048","1":"post","2":"type-post","3":"status-publish","4":"format-standard","5":"has-post-thumbnail","7":"category-brasil","8":"category-economia","9":"entry","10":"gs-1","11":"gs-odd","12":"gs-even","13":"gs-featured-content-entry"},"jetpack_featured_media_url":"https:\/\/www.redenoticia.com.br\/noticia\/imagens\/economia-grafico.jpg","jetpack_sharing_enabled":true,"jetpack_likes_enabled":true,"_links":{"self":[{"href":"https:\/\/www.redenoticia.com.br\/noticia\/wp-json\/wp\/v2\/posts\/75048","targetHints":{"allow":["GET"]}}],"collection":[{"href":"https:\/\/www.redenoticia.com.br\/noticia\/wp-json\/wp\/v2\/posts"}],"about":[{"href":"https:\/\/www.redenoticia.com.br\/noticia\/wp-json\/wp\/v2\/types\/post"}],"author":[{"embeddable":true,"href":"https:\/\/www.redenoticia.com.br\/noticia\/wp-json\/wp\/v2\/users\/2"}],"replies":[{"embeddable":true,"href":"https:\/\/www.redenoticia.com.br\/noticia\/wp-json\/wp\/v2\/comments?post=75048"}],"version-history":[{"count":0,"href":"https:\/\/www.redenoticia.com.br\/noticia\/wp-json\/wp\/v2\/posts\/75048\/revisions"}],"wp:featuredmedia":[{"embeddable":true,"href":"https:\/\/www.redenoticia.com.br\/noticia\/wp-json\/wp\/v2\/media\/57583"}],"wp:attachment":[{"href":"https:\/\/www.redenoticia.com.br\/noticia\/wp-json\/wp\/v2\/media?parent=75048"}],"wp:term":[{"taxonomy":"category","embeddable":true,"href":"https:\/\/www.redenoticia.com.br\/noticia\/wp-json\/wp\/v2\/categories?post=75048"},{"taxonomy":"post_tag","embeddable":true,"href":"https:\/\/www.redenoticia.com.br\/noticia\/wp-json\/wp\/v2\/tags?post=75048"}],"curies":[{"name":"wp","href":"https:\/\/api.w.org\/{rel}","templated":true}]}}