{"id":75044,"date":"2015-09-11T16:48:19","date_gmt":"2015-09-11T19:48:19","guid":{"rendered":"http:\/\/www.redenoticia.com.br\/noticia\/?p=75044"},"modified":"2015-09-11T16:48:19","modified_gmt":"2015-09-11T19:48:19","slug":"ufrj-iniciara-a-reposicao-de-conteudos-do-primeiro-semestre","status":"publish","type":"post","link":"https:\/\/www.redenoticia.com.br\/noticia\/2015\/ufrj-iniciara-a-reposicao-de-conteudos-do-primeiro-semestre\/75044","title":{"rendered":"UFRJ iniciar\u00e1 a reposi\u00e7\u00e3o de conte\u00fados do primeiro semestre"},"content":{"rendered":"<p>A Universidade Federal do Rio de Janeiro (<strong><em>UFRJ<\/em><\/strong>) iniciar\u00e1 a reposi\u00e7\u00e3o de conte\u00fados do primeiro semestre letivo deste ano. Algumas faculdades poder\u00e3o estender at\u00e9 17 de outubro o prazo para reposi\u00e7\u00e3o. Cada curso dever\u00e1 avaliar internamente quantos dias ser\u00e3o necess\u00e1rios para finalizar o primeiro semestre. A Escola de Educa\u00e7\u00e3o Infantil e o Col\u00e9gio de Aplica\u00e7\u00e3o j\u00e1 iniciaram a aulas de reposi\u00e7\u00e3o. No curso de medicina, a data para in\u00edcio do segundo semestre \u00e9 28 de setembro. O calend\u00e1rio preliminar aprovado prev\u00ea que o segundo semestre ir\u00e1 de 26 de outubro de 2015 a 18 de mar\u00e7o do ano que vem.<\/p>\n<p>A greve dos professores da institui\u00e7\u00e3o, que durou quase 60 dias, terminou no fim de agosto, mas os funcion\u00e1rios das \u00e1reas t\u00e9cnica e administrativa continuam em greve. Eles querem reajuste de 9,5% em 2016 e de 5,5% em 2017, com cl\u00e1usula de revis\u00e3o em 2016, caso a previs\u00e3o de infla\u00e7\u00e3o oficial em 2017 ultrapasse 5,5%. A proposta foi apresentada na quinta-feira (10). O governo dar\u00e1 uma resposta na quarta-feira (16). Uma assembleia geral ser\u00e1 marcada para quinta ou sexta-feira da pr\u00f3xima semana, informou o coordenador-geral do Sindicato dos Trabalhadores em Educa\u00e7\u00e3o da UFRJ (Sintufrj), Francisco de Assis. Ele ressaltou que outro motivo da greve \u00e9 pedir mais verbas no Or\u00e7amento para a educa\u00e7\u00e3o.<\/p>\n<p>\u201cNossa luta n\u00e3o \u00e9 apenas por recupera\u00e7\u00e3o de inflacion\u00e1ria, mas tamb\u00e9m por recupera\u00e7\u00e3o da universidade, da quest\u00e3o or\u00e7ament\u00e1ria. Segundo o pr\u00f3prio reitor, se continuar assim, a universidade ter\u00e1 de fechar as portas\u201d, disse Assis. \u201cA falta de or\u00e7amento afeta diretamente o funcionamento da universidade, o atendimento aos estudantes e as condi\u00e7\u00f5es de trabalho dos docentes e t\u00e9cnicos administrativos\u201d, acrescentou, ao lamentar que os docentes tenham encerrado a greve.<\/p>\n<p>Na Universidade Federal Fluminense (UFF), tanto os professores quanto os funcion\u00e1rios t\u00e9cnicos e administrativos continuam em greve. Os docentes aprovaram uma lista de sete encaminhamentos apresentados pelo comando de greve e marcaram a pr\u00f3xima assembleia para o dia 17 de setembro. Eles defendem o car\u00e1ter p\u00fablico da universidade e reivindicam melhores condi\u00e7\u00f5es de trabalho e ensino, garantia da autonomia universit\u00e1ria, reestrutura\u00e7\u00e3o da carreira e valoriza\u00e7\u00e3o salarial de ativos e aposentados. A principal demanda dos funcion\u00e1rios \u00e9 o reajuste salarial igual ao defendido pelo Sindufrj, acordado pela Federa\u00e7\u00e3o de Sindicatos de Trabalhadores T\u00e9cnico-Administrativos em Institui\u00e7\u00f5es de Ensino Superior P\u00fablicas do Brasil (Fasubra).<\/p>\n<p>Fl\u00e1via Villela &#8211; Rep\u00f3rter da Ag\u00eancia Brasil<br \/>\nEdi\u00e7\u00e3o: Juliana Andrade<\/p>\n","protected":false},"excerpt":{"rendered":"<p>A Universidade Federal do Rio de Janeiro (UFRJ) iniciar\u00e1 a reposi\u00e7\u00e3o de conte\u00fados do primeiro semestre letivo deste ano. Algumas faculdades poder\u00e3o estender at\u00e9 17 de outubro o prazo para reposi\u00e7\u00e3o. Cada curso dever\u00e1 avaliar internamente quantos dias ser\u00e3o necess\u00e1rios para finalizar o primeiro semestre. A Escola de Educa\u00e7\u00e3o Infantil e o Col\u00e9gio de Aplica\u00e7\u00e3o [&hellip;]<\/p>\n","protected":false},"author":2,"featured_media":36262,"comment_status":"open","ping_status":"closed","sticky":false,"template":"","format":"standard","meta":{"_genesis_hide_title":false,"_genesis_hide_breadcrumbs":false,"_genesis_hide_singular_image":false,"_genesis_hide_footer_widgets":false,"_genesis_custom_body_class":"","_genesis_custom_post_class":"","_genesis_layout":"","_jetpack_memberships_contains_paid_content":false,"footnotes":""},"categories":[22],"tags":[],"class_list":{"0":"post-75044","1":"post","2":"type-post","3":"status-publish","4":"format-standard","5":"has-post-thumbnail","7":"category-brasil","8":"entry","9":"gs-1","10":"gs-odd","11":"gs-even","12":"gs-featured-content-entry"},"jetpack_featured_media_url":"https:\/\/www.redenoticia.com.br\/noticia\/imagens\/aluno-a.jpg","jetpack_sharing_enabled":true,"jetpack_likes_enabled":true,"_links":{"self":[{"href":"https:\/\/www.redenoticia.com.br\/noticia\/wp-json\/wp\/v2\/posts\/75044","targetHints":{"allow":["GET"]}}],"collection":[{"href":"https:\/\/www.redenoticia.com.br\/noticia\/wp-json\/wp\/v2\/posts"}],"about":[{"href":"https:\/\/www.redenoticia.com.br\/noticia\/wp-json\/wp\/v2\/types\/post"}],"author":[{"embeddable":true,"href":"https:\/\/www.redenoticia.com.br\/noticia\/wp-json\/wp\/v2\/users\/2"}],"replies":[{"embeddable":true,"href":"https:\/\/www.redenoticia.com.br\/noticia\/wp-json\/wp\/v2\/comments?post=75044"}],"version-history":[{"count":0,"href":"https:\/\/www.redenoticia.com.br\/noticia\/wp-json\/wp\/v2\/posts\/75044\/revisions"}],"wp:featuredmedia":[{"embeddable":true,"href":"https:\/\/www.redenoticia.com.br\/noticia\/wp-json\/wp\/v2\/media\/36262"}],"wp:attachment":[{"href":"https:\/\/www.redenoticia.com.br\/noticia\/wp-json\/wp\/v2\/media?parent=75044"}],"wp:term":[{"taxonomy":"category","embeddable":true,"href":"https:\/\/www.redenoticia.com.br\/noticia\/wp-json\/wp\/v2\/categories?post=75044"},{"taxonomy":"post_tag","embeddable":true,"href":"https:\/\/www.redenoticia.com.br\/noticia\/wp-json\/wp\/v2\/tags?post=75044"}],"curies":[{"name":"wp","href":"https:\/\/api.w.org\/{rel}","templated":true}]}}