{"id":75012,"date":"2015-09-10T17:43:26","date_gmt":"2015-09-10T20:43:26","guid":{"rendered":"http:\/\/www.redenoticia.com.br\/noticia\/?p=75012"},"modified":"2015-09-10T17:43:26","modified_gmt":"2015-09-10T20:43:26","slug":"inflacao-para-familias-com-renda-mais-baixa-supera-inflacao-oficial-em-agosto","status":"publish","type":"post","link":"https:\/\/www.redenoticia.com.br\/noticia\/2015\/inflacao-para-familias-com-renda-mais-baixa-supera-inflacao-oficial-em-agosto\/75012","title":{"rendered":"Infla\u00e7\u00e3o para fam\u00edlias com renda mais baixa supera infla\u00e7\u00e3o oficial em agosto"},"content":{"rendered":"<p> O \u00cdndice Nacional de Pre\u00e7os ao Consumidor (INPC), que mede a <strong><em>infla\u00e7\u00e3o<\/em><\/strong> para fam\u00edlias com renda at\u00e9 cinco sal\u00e1rios m\u00ednimos, ficou em 0,25% em agosto deste ano. A taxa \u00e9 inferior \u00e0 observada em julho deste ano (0,58%), mas superior \u00e0 registrada pelo IPCA em agosto deste ano \u2013 \u00edndice que mede a infla\u00e7\u00e3o oficial para todas as faixas de renda e que ficou em 0,22%.<\/p>\n<p>O INPC acumula taxas de 7,69% no ano e 9,88% em 12 meses. Em ambos os casos, o INPC est\u00e1 acima do IPCA, que acumula 7,06% no ano e 9,53% em 12 meses.<\/p>\n<p>Segundo os dados do INPC, os produtos aliment\u00edcios tiveram queda de pre\u00e7os de 0,04% em agosto deste ano. Em julho, esses itens registraram infla\u00e7\u00e3o de 0,56%. J\u00e1 os n\u00e3o aliment\u00edcios tiveram infla\u00e7\u00e3o de 0,38%, ou seja: um aumento de pre\u00e7os mais moderado do que em julho (0,59%).<\/p>\n<p>A taxa do INPC mais alta foi registrado em Curitiba (0,56%). J\u00e1 o Rio de Janeiro teve a menor taxa (0,06%).<\/p>\n<p>Vitor Abdala \u2013 Rep\u00f3rter da Ag\u00eancia Brasil<br \/>\nEdi\u00e7\u00e3o: Denise Griesinger<br \/>\n&#8212;<\/p>\n<p>A Empresa Brasil de Comunica\u00e7\u00e3o \u00e9 uma institui\u00e7\u00e3o da democracia brasileira: p\u00fablica, inclusiva e cidad\u00e3. Criada em 2007 para fortalecer o sistema p\u00fablico de comunica\u00e7\u00e3o, \u00e9 gestora dos canais TV Brasil, TV Brasil Internacional, Ag\u00eancia Brasil, Radioag\u00eancia Nacional e do sistema p\u00fablico de R\u00e1dio \u2013 composto por oito emissoras. Estes, por sua independ\u00eancia editorial, distinguem-se dos canais estatais ou governamentais, com conte\u00fados diferenciados e complementares aos canais privados. Os ve\u00edculos da EBC t\u00eam autonomia para definir produ\u00e7\u00e3o, programa\u00e7\u00e3o e distribui\u00e7\u00e3o de conte\u00fados.<\/p>\n","protected":false},"excerpt":{"rendered":"<p>O \u00cdndice Nacional de Pre\u00e7os ao Consumidor (INPC), que mede a infla\u00e7\u00e3o para fam\u00edlias com renda at\u00e9 cinco sal\u00e1rios m\u00ednimos, ficou em 0,25% em agosto deste ano. A taxa \u00e9 inferior \u00e0 observada em julho deste ano (0,58%), mas superior \u00e0 registrada pelo IPCA em agosto deste ano \u2013 \u00edndice que mede a infla\u00e7\u00e3o oficial [&hellip;]<\/p>\n","protected":false},"author":2,"featured_media":57584,"comment_status":"open","ping_status":"closed","sticky":false,"template":"","format":"standard","meta":{"_genesis_hide_title":false,"_genesis_hide_breadcrumbs":false,"_genesis_hide_singular_image":false,"_genesis_hide_footer_widgets":false,"_genesis_custom_body_class":"","_genesis_custom_post_class":"","_genesis_layout":"","_jetpack_memberships_contains_paid_content":false,"footnotes":""},"categories":[22,7],"tags":[],"class_list":{"0":"post-75012","1":"post","2":"type-post","3":"status-publish","4":"format-standard","5":"has-post-thumbnail","7":"category-brasil","8":"category-economia","9":"entry","10":"gs-1","11":"gs-odd","12":"gs-even","13":"gs-featured-content-entry"},"jetpack_featured_media_url":"https:\/\/www.redenoticia.com.br\/noticia\/imagens\/economia-grafica-analise-inflacao.jpg","jetpack_sharing_enabled":true,"jetpack_likes_enabled":true,"_links":{"self":[{"href":"https:\/\/www.redenoticia.com.br\/noticia\/wp-json\/wp\/v2\/posts\/75012","targetHints":{"allow":["GET"]}}],"collection":[{"href":"https:\/\/www.redenoticia.com.br\/noticia\/wp-json\/wp\/v2\/posts"}],"about":[{"href":"https:\/\/www.redenoticia.com.br\/noticia\/wp-json\/wp\/v2\/types\/post"}],"author":[{"embeddable":true,"href":"https:\/\/www.redenoticia.com.br\/noticia\/wp-json\/wp\/v2\/users\/2"}],"replies":[{"embeddable":true,"href":"https:\/\/www.redenoticia.com.br\/noticia\/wp-json\/wp\/v2\/comments?post=75012"}],"version-history":[{"count":0,"href":"https:\/\/www.redenoticia.com.br\/noticia\/wp-json\/wp\/v2\/posts\/75012\/revisions"}],"wp:featuredmedia":[{"embeddable":true,"href":"https:\/\/www.redenoticia.com.br\/noticia\/wp-json\/wp\/v2\/media\/57584"}],"wp:attachment":[{"href":"https:\/\/www.redenoticia.com.br\/noticia\/wp-json\/wp\/v2\/media?parent=75012"}],"wp:term":[{"taxonomy":"category","embeddable":true,"href":"https:\/\/www.redenoticia.com.br\/noticia\/wp-json\/wp\/v2\/categories?post=75012"},{"taxonomy":"post_tag","embeddable":true,"href":"https:\/\/www.redenoticia.com.br\/noticia\/wp-json\/wp\/v2\/tags?post=75012"}],"curies":[{"name":"wp","href":"https:\/\/api.w.org\/{rel}","templated":true}]}}