{"id":75010,"date":"2015-09-10T17:42:25","date_gmt":"2015-09-10T20:42:25","guid":{"rendered":"http:\/\/www.redenoticia.com.br\/noticia\/?p=75010"},"modified":"2015-09-10T17:42:25","modified_gmt":"2015-09-10T20:42:25","slug":"demanda-por-credito-recua-18-em-agosto-indica-serasa-experian","status":"publish","type":"post","link":"https:\/\/www.redenoticia.com.br\/noticia\/2015\/demanda-por-credito-recua-18-em-agosto-indica-serasa-experian\/75010","title":{"rendered":"Demanda por cr\u00e9dito recua 1,8% em agosto, indica Serasa Experian"},"content":{"rendered":"<p> A <strong><em>demanda do consumidor por cr\u00e9dito<\/em><\/strong> caiu 1,8% em agosto, na compara\u00e7\u00e3o com o m\u00eas anterior. Os dados s\u00e3o da empresa de consultoria Serasa Experian e mostram que tamb\u00e9m houve recuo (de 1,4%) em rela\u00e7\u00e3o ao mesmo m\u00eas do ano passado. No acumulado do ano, no entanto, o indicador cresceu 4,2% de janeiro a agosto, no comparativo com igual per\u00edodo de 2014.<\/p>\n<p>Na avalia\u00e7\u00e3o dos economistas da Serasa Experian, a queda mensal reflete a crise econ\u00f4mica, em um cen\u00e1rio de altas taxas de juros e de baixo patamar no n\u00edvel de confian\u00e7a dos consumidores.<\/p>\n<p>Em agosto, a demanda diminuiu em todas as faixas de renda. As quedas mais expressivas ocorreram entre aqueles que ganham menos (-2,1% para quem ganha at\u00e9 R$ 500 mensais) e entre os consumidores com maior rendimento (-2,2% para renda acima de R$ 10 mil por m\u00eas). Por outro lado, no acumulado de janeiro a agosto, houve retra\u00e7\u00e3o apenas na faixa de menor de renda (-2,1% para quem recebe at\u00e9 R$ 500 ao m\u00eas).<\/p>\n<p>Na an\u00e1lise por regi\u00e3o, todas registraram diminui\u00e7\u00e3o na demanda por cr\u00e9dito. A maior delas ocorreu na Regi\u00e3o Norte, com recuo de 4% em rela\u00e7\u00e3o a julho. No Centro-Oeste e Sudeste, a diminui\u00e7\u00e3o da busca por cr\u00e9dito ficou acima da m\u00e9dia nacional, com decr\u00e9scimo de 1,9% e de 2,4%, respectivamente. O Nordeste (0,4%) e o Sul (0,7%), por sua vez, tiveram as menores retra\u00e7\u00f5es.<\/p>\n<p>Camila Maciel \u2013 Rep\u00f3rter da Ag\u00eancia Brasil<br \/>\nEdi\u00e7\u00e3o: Denise Griesinger<br \/>\n&#8212;<\/p>\n<p>A Empresa Brasil de Comunica\u00e7\u00e3o \u00e9 uma institui\u00e7\u00e3o da democracia brasileira: p\u00fablica, inclusiva e cidad\u00e3. Criada em 2007 para fortalecer o sistema p\u00fablico de comunica\u00e7\u00e3o, \u00e9 gestora dos canais TV Brasil, TV Brasil Internacional, Ag\u00eancia Brasil, Radioag\u00eancia Nacional e do sistema p\u00fablico de R\u00e1dio \u2013 composto por oito emissoras. Estes, por sua independ\u00eancia editorial, distinguem-se dos canais estatais ou governamentais, com conte\u00fados diferenciados e complementares aos canais privados. Os ve\u00edculos da EBC t\u00eam autonomia para definir produ\u00e7\u00e3o, programa\u00e7\u00e3o e distribui\u00e7\u00e3o de conte\u00fados.<\/p>\n","protected":false},"excerpt":{"rendered":"<p>A demanda do consumidor por cr\u00e9dito caiu 1,8% em agosto, na compara\u00e7\u00e3o com o m\u00eas anterior. Os dados s\u00e3o da empresa de consultoria Serasa Experian e mostram que tamb\u00e9m houve recuo (de 1,4%) em rela\u00e7\u00e3o ao mesmo m\u00eas do ano passado. No acumulado do ano, no entanto, o indicador cresceu 4,2% de janeiro a agosto, [&hellip;]<\/p>\n","protected":false},"author":2,"featured_media":57583,"comment_status":"open","ping_status":"closed","sticky":false,"template":"","format":"standard","meta":{"_genesis_hide_title":false,"_genesis_hide_breadcrumbs":false,"_genesis_hide_singular_image":false,"_genesis_hide_footer_widgets":false,"_genesis_custom_body_class":"","_genesis_custom_post_class":"","_genesis_layout":"","_jetpack_memberships_contains_paid_content":false,"footnotes":""},"categories":[22,7],"tags":[],"class_list":{"0":"post-75010","1":"post","2":"type-post","3":"status-publish","4":"format-standard","5":"has-post-thumbnail","7":"category-brasil","8":"category-economia","9":"entry","10":"gs-1","11":"gs-odd","12":"gs-even","13":"gs-featured-content-entry"},"jetpack_featured_media_url":"https:\/\/www.redenoticia.com.br\/noticia\/imagens\/economia-grafico.jpg","jetpack_sharing_enabled":true,"jetpack_likes_enabled":true,"_links":{"self":[{"href":"https:\/\/www.redenoticia.com.br\/noticia\/wp-json\/wp\/v2\/posts\/75010","targetHints":{"allow":["GET"]}}],"collection":[{"href":"https:\/\/www.redenoticia.com.br\/noticia\/wp-json\/wp\/v2\/posts"}],"about":[{"href":"https:\/\/www.redenoticia.com.br\/noticia\/wp-json\/wp\/v2\/types\/post"}],"author":[{"embeddable":true,"href":"https:\/\/www.redenoticia.com.br\/noticia\/wp-json\/wp\/v2\/users\/2"}],"replies":[{"embeddable":true,"href":"https:\/\/www.redenoticia.com.br\/noticia\/wp-json\/wp\/v2\/comments?post=75010"}],"version-history":[{"count":0,"href":"https:\/\/www.redenoticia.com.br\/noticia\/wp-json\/wp\/v2\/posts\/75010\/revisions"}],"wp:featuredmedia":[{"embeddable":true,"href":"https:\/\/www.redenoticia.com.br\/noticia\/wp-json\/wp\/v2\/media\/57583"}],"wp:attachment":[{"href":"https:\/\/www.redenoticia.com.br\/noticia\/wp-json\/wp\/v2\/media?parent=75010"}],"wp:term":[{"taxonomy":"category","embeddable":true,"href":"https:\/\/www.redenoticia.com.br\/noticia\/wp-json\/wp\/v2\/categories?post=75010"},{"taxonomy":"post_tag","embeddable":true,"href":"https:\/\/www.redenoticia.com.br\/noticia\/wp-json\/wp\/v2\/tags?post=75010"}],"curies":[{"name":"wp","href":"https:\/\/api.w.org\/{rel}","templated":true}]}}