{"id":75008,"date":"2015-09-10T17:40:57","date_gmt":"2015-09-10T20:40:57","guid":{"rendered":"http:\/\/www.redenoticia.com.br\/noticia\/?p=75008"},"modified":"2015-09-10T17:40:57","modified_gmt":"2015-09-10T20:40:57","slug":"construcao-civil-acumula-inflacao-de-596-em-12-meses-diz-ibge","status":"publish","type":"post","link":"https:\/\/www.redenoticia.com.br\/noticia\/2015\/construcao-civil-acumula-inflacao-de-596-em-12-meses-diz-ibge\/75008","title":{"rendered":"Constru\u00e7\u00e3o civil acumula infla\u00e7\u00e3o de 5,96% em 12 meses, diz IBGE"},"content":{"rendered":"<p> O \u00cdndice Nacional da Constru\u00e7\u00e3o Civil (Sinapi) acumulou, em agosto, <strong><em>infla\u00e7\u00e3o<\/em><\/strong> de 5,96% em 12 meses. Taxa superior aos 5,77% registrados em julho deste ano. De acordo com o Instituto Brasileiro de Geografia e Estat\u00edstica (IBGE), a taxa acumulada no ano ficou em 4,58%.<\/p>\n<p>Apenas em agosto deste ano, a taxa ficou em 0,7%, acima da taxa de julho (0,69%). O metro quadrado da constru\u00e7\u00e3o custava R$ 955,12 em agosto. A m\u00e3o de obra teve uma infla\u00e7\u00e3o de 1,28% e passou a custar R$ 444,23. J\u00e1 os materiais tiveram alta de pre\u00e7os de 0,21% e passaram a custar R$ 510,89 por metro quadrado.<\/p>\n<p>O Paran\u00e1 foi o estado com maior infla\u00e7\u00e3o no m\u00eas de agosto (4,17%). J\u00e1 o Rio de Janeiro teve a menor taxa, ao apresentar uma queda do custo de 0,38%.<\/p>\n<p>Vitor Abdala \u2013 Rep\u00f3rter da Ag\u00eancia Brasil<br \/>\nEdi\u00e7\u00e3o: Talita Cavalcante<br \/>\n&#8212;<\/p>\n<p>A Empresa Brasil de Comunica\u00e7\u00e3o \u00e9 uma institui\u00e7\u00e3o da democracia brasileira: p\u00fablica, inclusiva e cidad\u00e3. Criada em 2007 para fortalecer o sistema p\u00fablico de comunica\u00e7\u00e3o, \u00e9 gestora dos canais TV Brasil, TV Brasil Internacional, Ag\u00eancia Brasil, Radioag\u00eancia Nacional e do sistema p\u00fablico de R\u00e1dio \u2013 composto por oito emissoras. Estes, por sua independ\u00eancia editorial, distinguem-se dos canais estatais ou governamentais, com conte\u00fados diferenciados e complementares aos canais privados. Os ve\u00edculos da EBC t\u00eam autonomia para definir produ\u00e7\u00e3o, programa\u00e7\u00e3o e distribui\u00e7\u00e3o de conte\u00fados.<\/p>\n","protected":false},"excerpt":{"rendered":"<p>O \u00cdndice Nacional da Constru\u00e7\u00e3o Civil (Sinapi) acumulou, em agosto, infla\u00e7\u00e3o de 5,96% em 12 meses. Taxa superior aos 5,77% registrados em julho deste ano. De acordo com o Instituto Brasileiro de Geografia e Estat\u00edstica (IBGE), a taxa acumulada no ano ficou em 4,58%. Apenas em agosto deste ano, a taxa ficou em 0,7%, acima [&hellip;]<\/p>\n","protected":false},"author":2,"featured_media":38940,"comment_status":"open","ping_status":"closed","sticky":false,"template":"","format":"standard","meta":{"_genesis_hide_title":false,"_genesis_hide_breadcrumbs":false,"_genesis_hide_singular_image":false,"_genesis_hide_footer_widgets":false,"_genesis_custom_body_class":"","_genesis_custom_post_class":"","_genesis_layout":"","_jetpack_memberships_contains_paid_content":false,"footnotes":""},"categories":[22,7],"tags":[],"class_list":{"0":"post-75008","1":"post","2":"type-post","3":"status-publish","4":"format-standard","5":"has-post-thumbnail","7":"category-brasil","8":"category-economia","9":"entry","10":"gs-1","11":"gs-odd","12":"gs-even","13":"gs-featured-content-entry"},"jetpack_featured_media_url":"https:\/\/www.redenoticia.com.br\/noticia\/imagens\/grafico.jpg","jetpack_sharing_enabled":true,"jetpack_likes_enabled":true,"_links":{"self":[{"href":"https:\/\/www.redenoticia.com.br\/noticia\/wp-json\/wp\/v2\/posts\/75008","targetHints":{"allow":["GET"]}}],"collection":[{"href":"https:\/\/www.redenoticia.com.br\/noticia\/wp-json\/wp\/v2\/posts"}],"about":[{"href":"https:\/\/www.redenoticia.com.br\/noticia\/wp-json\/wp\/v2\/types\/post"}],"author":[{"embeddable":true,"href":"https:\/\/www.redenoticia.com.br\/noticia\/wp-json\/wp\/v2\/users\/2"}],"replies":[{"embeddable":true,"href":"https:\/\/www.redenoticia.com.br\/noticia\/wp-json\/wp\/v2\/comments?post=75008"}],"version-history":[{"count":0,"href":"https:\/\/www.redenoticia.com.br\/noticia\/wp-json\/wp\/v2\/posts\/75008\/revisions"}],"wp:featuredmedia":[{"embeddable":true,"href":"https:\/\/www.redenoticia.com.br\/noticia\/wp-json\/wp\/v2\/media\/38940"}],"wp:attachment":[{"href":"https:\/\/www.redenoticia.com.br\/noticia\/wp-json\/wp\/v2\/media?parent=75008"}],"wp:term":[{"taxonomy":"category","embeddable":true,"href":"https:\/\/www.redenoticia.com.br\/noticia\/wp-json\/wp\/v2\/categories?post=75008"},{"taxonomy":"post_tag","embeddable":true,"href":"https:\/\/www.redenoticia.com.br\/noticia\/wp-json\/wp\/v2\/tags?post=75008"}],"curies":[{"name":"wp","href":"https:\/\/api.w.org\/{rel}","templated":true}]}}