{"id":74982,"date":"2015-09-09T19:08:16","date_gmt":"2015-09-09T22:08:16","guid":{"rendered":"http:\/\/www.redenoticia.com.br\/noticia\/?p=74982"},"modified":"2015-09-09T19:08:16","modified_gmt":"2015-09-09T22:08:16","slug":"producao-industrial-cai-em-julho-em-oito-dos-14-locais-pesquisados-pelo-ibge","status":"publish","type":"post","link":"https:\/\/www.redenoticia.com.br\/noticia\/2015\/producao-industrial-cai-em-julho-em-oito-dos-14-locais-pesquisados-pelo-ibge\/74982","title":{"rendered":"Produ\u00e7\u00e3o industrial cai em julho em oito dos 14 locais pesquisados pelo IBGE"},"content":{"rendered":"<p> A <strong><em>produ\u00e7\u00e3o industrial<\/em><\/strong> recuou, de junho para julho, em oito dos 14 locais pesquisados pelo Instituto Brasileiro de Geografia e Estat\u00edstica (IBGE). As quedas mais acentuadas foram registradas no Paran\u00e1 (-6,3%) e no Cear\u00e1 (-5,2%), segundo a Pesquisa Industrial Mensal-Produ\u00e7\u00e3o F\u00edsica Regional.<\/p>\n<p>Outros dois estados tiveram queda mais acentuada do que a m\u00e9dia nacional (-1,5%): Santa Catarina (-2,4%) e S\u00e3o Paulo (-1,8%). Tamb\u00e9m houve redu\u00e7\u00e3o na produ\u00e7\u00e3o industrial no Amazonas (-1,5%), Esp\u00edrito Santo (-1,4%), em Minas Gerais (-1,3%) e no Rio de Janeiro (-0,9%).<\/p>\n<p>Por outro lado, seis locais tiveram aumento na produ\u00e7\u00e3o no per\u00edodo: Rio Grande do Sul (6,8%), Bahia (5,2%), Pernambuco (3,3%), Goi\u00e1s (0,6%), Par\u00e1 (0,4%), al\u00e9m da Regi\u00e3o Nordeste (3,3%).<\/p>\n<p>Comparando-se julho deste ano com o mesmo per\u00edodo do ano passado, 11 dos 15 locais tiveram queda na produ\u00e7\u00e3o, com destaque para Amazonas (-18,2%) e Cear\u00e1 (-13,7%). Foram registradas altas em quatro locais, sendo a maior delas no Par\u00e1 (6,8%).<\/p>\n<p>Acumulado do ano<\/p>\n<p>No acumulado do ano, 12 locais tiveram queda, entre eles, o Amazonas (-15,2%) e apenas tr\u00eas tiveram alta, com destaque para o Esp\u00edrito Santo (14,9%). J\u00e1 no acumulado de 12 meses, 11 locais tiveram queda, sendo a maior delas no Amazonas (-12,9%), e quatro tiveram aumento, entre eles, Esp\u00edrito Santo (14,4%).<\/p>\n<p>De acordo com a metodologia do IBGE, a produ\u00e7\u00e3o da Regi\u00e3o Nordeste, que regitrou alta de 3,3%, inclui os dados de todos os nove estados, inclusive Cear\u00e1, Pernambuco e Bahia, que tamb\u00e9m s\u00e3o analisados separadamente. Os outros seis estados que comp\u00f5em a regi\u00e3o n\u00e3o s\u00e3o analisados separadamente, porque n\u00e3o t\u00eam produ\u00e7\u00e3o individual significativa.<\/p>\n<p>Vitor Abdala \u2013 Rep\u00f3rter da Ag\u00eancia Brasil<br \/>\nEdi\u00e7\u00e3o: Talita Cavalcante<\/p>\n","protected":false},"excerpt":{"rendered":"<p>A produ\u00e7\u00e3o industrial recuou, de junho para julho, em oito dos 14 locais pesquisados pelo Instituto Brasileiro de Geografia e Estat\u00edstica (IBGE). As quedas mais acentuadas foram registradas no Paran\u00e1 (-6,3%) e no Cear\u00e1 (-5,2%), segundo a Pesquisa Industrial Mensal-Produ\u00e7\u00e3o F\u00edsica Regional. Outros dois estados tiveram queda mais acentuada do que a m\u00e9dia nacional (-1,5%): [&hellip;]<\/p>\n","protected":false},"author":2,"featured_media":57583,"comment_status":"open","ping_status":"closed","sticky":false,"template":"","format":"standard","meta":{"_genesis_hide_title":false,"_genesis_hide_breadcrumbs":false,"_genesis_hide_singular_image":false,"_genesis_hide_footer_widgets":false,"_genesis_custom_body_class":"","_genesis_custom_post_class":"","_genesis_layout":"","_jetpack_memberships_contains_paid_content":false,"footnotes":""},"categories":[22,7],"tags":[],"class_list":{"0":"post-74982","1":"post","2":"type-post","3":"status-publish","4":"format-standard","5":"has-post-thumbnail","7":"category-brasil","8":"category-economia","9":"entry","10":"gs-1","11":"gs-odd","12":"gs-even","13":"gs-featured-content-entry"},"jetpack_featured_media_url":"https:\/\/www.redenoticia.com.br\/noticia\/imagens\/economia-grafico.jpg","jetpack_sharing_enabled":true,"jetpack_likes_enabled":true,"_links":{"self":[{"href":"https:\/\/www.redenoticia.com.br\/noticia\/wp-json\/wp\/v2\/posts\/74982","targetHints":{"allow":["GET"]}}],"collection":[{"href":"https:\/\/www.redenoticia.com.br\/noticia\/wp-json\/wp\/v2\/posts"}],"about":[{"href":"https:\/\/www.redenoticia.com.br\/noticia\/wp-json\/wp\/v2\/types\/post"}],"author":[{"embeddable":true,"href":"https:\/\/www.redenoticia.com.br\/noticia\/wp-json\/wp\/v2\/users\/2"}],"replies":[{"embeddable":true,"href":"https:\/\/www.redenoticia.com.br\/noticia\/wp-json\/wp\/v2\/comments?post=74982"}],"version-history":[{"count":0,"href":"https:\/\/www.redenoticia.com.br\/noticia\/wp-json\/wp\/v2\/posts\/74982\/revisions"}],"wp:featuredmedia":[{"embeddable":true,"href":"https:\/\/www.redenoticia.com.br\/noticia\/wp-json\/wp\/v2\/media\/57583"}],"wp:attachment":[{"href":"https:\/\/www.redenoticia.com.br\/noticia\/wp-json\/wp\/v2\/media?parent=74982"}],"wp:term":[{"taxonomy":"category","embeddable":true,"href":"https:\/\/www.redenoticia.com.br\/noticia\/wp-json\/wp\/v2\/categories?post=74982"},{"taxonomy":"post_tag","embeddable":true,"href":"https:\/\/www.redenoticia.com.br\/noticia\/wp-json\/wp\/v2\/tags?post=74982"}],"curies":[{"name":"wp","href":"https:\/\/api.w.org\/{rel}","templated":true}]}}