{"id":74980,"date":"2015-09-09T19:06:43","date_gmt":"2015-09-09T22:06:43","guid":{"rendered":"http:\/\/www.redenoticia.com.br\/noticia\/?p=74980"},"modified":"2015-09-09T19:06:43","modified_gmt":"2015-09-09T22:06:43","slug":"tres-bancos-elevam-juros-do-cheque-especial-em-setembro-diz-procon","status":"publish","type":"post","link":"https:\/\/www.redenoticia.com.br\/noticia\/2015\/tres-bancos-elevam-juros-do-cheque-especial-em-setembro-diz-procon\/74980","title":{"rendered":"Tr\u00eas bancos elevam juros do cheque especial em setembro, diz Procon"},"content":{"rendered":"<p> A <strong><em>taxa de juros<\/em><\/strong> cobrada pelos bancos continua em alta no m\u00eas de setembro. Dados divulgados pela Funda\u00e7\u00e3o Procon mostram que das sete institui\u00e7\u00f5es financeiras avaliadas, tr\u00eas elevaram as taxas do cheque especial e uma elevou a do empr\u00e9stimo pessoal. A pesquisa foi realizada no dia 2 de setembro no Banco do Brasil, Bradesco, Caixa Econ\u00f4mica Federal, HSBC, Ita\u00fa, Safra e Santander. Os dados se referem \u00e0s taxas m\u00e1ximas pr\u00e9-fixadas para clientes n\u00e3o preferenciais.<\/p>\n<p>No dia da pesquisa do Procon, a taxa m\u00e9dia cobrada pelos bancos no cheque especial era 11,9% ao m\u00eas, superior \u00e0 de agosto, quando a m\u00e9dia era 11,67%. A maior alta ocorreu no Banco do Brasil, que alterou a taxa do cheque especial em setembro de 10,53% para 11,38% ao m\u00eas. Tamb\u00e9m elevaram os juros do cheque especial o Bradesco (de 11,3% para 11,64% ao m\u00eas) e o HSBC (de 13,21% para 13,67% ao m\u00eas). Os demais bancos mantiveram a taxa do cheque especial.<\/p>\n<p>J\u00e1 no empr\u00e9stimo pessoal, a taxa m\u00e9dia de juros cobrada pelos bancos foi 6,26% ao m\u00eas. O valor \u00e9 superior ao de agosto, quando a taxa m\u00e9dia cobrada era 6,23% ao m\u00eas. O \u00fanico banco que elevou os juros do empr\u00e9stimo pessoal foi a Caixa, que passou de 4,6% ao m\u00eas para 4,8% ao m\u00eas.<\/p>\n<p>Com as taxas de juros elevadas e sem perspectiva de redu\u00e7\u00e3o, o Procon alerta o consumidor para que esteja atento e n\u00e3o ceda a impulsos, principalmente com as facilidades que s\u00e3o oferecidas pelos bancos. O Procon tamb\u00e9m alerta o consumidor para que adie certas compras que impliquem em aquisi\u00e7\u00e3o de cr\u00e9dito, para um momento em que a conjuntura esteja mais favor\u00e1vel.<\/p>\n<p>Elaine Patricia Cruz \u2013 Rep\u00f3rter da Ag\u00eancia Brasil<br \/>\nEdi\u00e7\u00e3o: Denise Griesinger<\/p>\n","protected":false},"excerpt":{"rendered":"<p>A taxa de juros cobrada pelos bancos continua em alta no m\u00eas de setembro. Dados divulgados pela Funda\u00e7\u00e3o Procon mostram que das sete institui\u00e7\u00f5es financeiras avaliadas, tr\u00eas elevaram as taxas do cheque especial e uma elevou a do empr\u00e9stimo pessoal. A pesquisa foi realizada no dia 2 de setembro no Banco do Brasil, Bradesco, Caixa [&hellip;]<\/p>\n","protected":false},"author":2,"featured_media":57585,"comment_status":"open","ping_status":"closed","sticky":false,"template":"","format":"standard","meta":{"_genesis_hide_title":false,"_genesis_hide_breadcrumbs":false,"_genesis_hide_singular_image":false,"_genesis_hide_footer_widgets":false,"_genesis_custom_body_class":"","_genesis_custom_post_class":"","_genesis_layout":"","_jetpack_memberships_contains_paid_content":false,"footnotes":""},"categories":[22,7],"tags":[],"class_list":{"0":"post-74980","1":"post","2":"type-post","3":"status-publish","4":"format-standard","5":"has-post-thumbnail","7":"category-brasil","8":"category-economia","9":"entry","10":"gs-1","11":"gs-odd","12":"gs-even","13":"gs-featured-content-entry"},"jetpack_featured_media_url":"https:\/\/www.redenoticia.com.br\/noticia\/imagens\/analise-economia.jpg","jetpack_sharing_enabled":true,"jetpack_likes_enabled":true,"_links":{"self":[{"href":"https:\/\/www.redenoticia.com.br\/noticia\/wp-json\/wp\/v2\/posts\/74980","targetHints":{"allow":["GET"]}}],"collection":[{"href":"https:\/\/www.redenoticia.com.br\/noticia\/wp-json\/wp\/v2\/posts"}],"about":[{"href":"https:\/\/www.redenoticia.com.br\/noticia\/wp-json\/wp\/v2\/types\/post"}],"author":[{"embeddable":true,"href":"https:\/\/www.redenoticia.com.br\/noticia\/wp-json\/wp\/v2\/users\/2"}],"replies":[{"embeddable":true,"href":"https:\/\/www.redenoticia.com.br\/noticia\/wp-json\/wp\/v2\/comments?post=74980"}],"version-history":[{"count":0,"href":"https:\/\/www.redenoticia.com.br\/noticia\/wp-json\/wp\/v2\/posts\/74980\/revisions"}],"wp:featuredmedia":[{"embeddable":true,"href":"https:\/\/www.redenoticia.com.br\/noticia\/wp-json\/wp\/v2\/media\/57585"}],"wp:attachment":[{"href":"https:\/\/www.redenoticia.com.br\/noticia\/wp-json\/wp\/v2\/media?parent=74980"}],"wp:term":[{"taxonomy":"category","embeddable":true,"href":"https:\/\/www.redenoticia.com.br\/noticia\/wp-json\/wp\/v2\/categories?post=74980"},{"taxonomy":"post_tag","embeddable":true,"href":"https:\/\/www.redenoticia.com.br\/noticia\/wp-json\/wp\/v2\/tags?post=74980"}],"curies":[{"name":"wp","href":"https:\/\/api.w.org\/{rel}","templated":true}]}}