{"id":74978,"date":"2015-09-09T19:05:23","date_gmt":"2015-09-09T22:05:23","guid":{"rendered":"http:\/\/www.redenoticia.com.br\/noticia\/?p=74978"},"modified":"2015-09-09T19:05:23","modified_gmt":"2015-09-09T22:05:23","slug":"prazo-para-consolidar-parcelas-de-pagamento-de-dividas-pelo-refis","status":"publish","type":"post","link":"https:\/\/www.redenoticia.com.br\/noticia\/2015\/prazo-para-consolidar-parcelas-de-pagamento-de-dividas-pelo-refis\/74978","title":{"rendered":"Prazo para consolidar parcelas de pagamento de d\u00edvidas pelo Refis"},"content":{"rendered":"<p>Come\u00e7a o prazo para os contribuintes que aderiram \u00e0 terceira e \u00e0 quarta reabertura do Programa Especial de Parcelamento de D\u00edvidas Com a Uni\u00e3o definir os valores finais das parcelas que ir\u00e3o pagar. O chamado <strong><em>Refis<\/em><\/strong> da Crise renegocia d\u00edvidas com desconto nas multas e nos juros. A consolida\u00e7\u00e3o das d\u00edvidas ser\u00e1 dividida em dois per\u00edodos, segundo o tipo de contribuinte.<\/p>\n<p>As m\u00e9dias e grandes empresas poder\u00e3o fazer a consolida\u00e7\u00e3o de 8 a 25 de setembro. J\u00e1 as pessoas f\u00edsicas e as micro e pequenas empresas que fazem parte do Simples Nacional devem definir os valores do parcelamento no per\u00edodo de 5 a 23 de outubro.<\/p>\n<p>Na consolida\u00e7\u00e3o, o contribuinte declara os d\u00e9bitos que quer renegociar e define o prazo e o valor das parcelas. A consolida\u00e7\u00e3o \u00e9 feita na Receita Federal, no caso de d\u00edvidas tribut\u00e1rias, ou na Procuradoria-Geral da Fazenda Nacional (PGFN), no caso de contribuintes inscritos na d\u00edvida ativa.<\/p>\n<p>O Refis da Crise foi iniciado em 2009. O programa renegocia d\u00edvidas com a Receita e a PGFN com prazo de at\u00e9 15 anos, al\u00e9m de desconto nas multas e juros. A terceira etapa do Refis teve prazo de ades\u00e3o at\u00e9 31 de maio do ano passado e ficou conhecida como Refis da Copa. A quarta etapa teve prazo de op\u00e7\u00e3o at\u00e9 30 de novembro de 2014.<\/p>\n<p>Mariana Branco &#8211; Rep\u00f3rter da Ag\u00eancia Brasil<br \/>\nEdi\u00e7\u00e3o: A\u00e9cio Amado<\/p>\n","protected":false},"excerpt":{"rendered":"<p>Come\u00e7a o prazo para os contribuintes que aderiram \u00e0 terceira e \u00e0 quarta reabertura do Programa Especial de Parcelamento de D\u00edvidas Com a Uni\u00e3o definir os valores finais das parcelas que ir\u00e3o pagar. O chamado Refis da Crise renegocia d\u00edvidas com desconto nas multas e nos juros. A consolida\u00e7\u00e3o das d\u00edvidas ser\u00e1 dividida em dois [&hellip;]<\/p>\n","protected":false},"author":2,"featured_media":57584,"comment_status":"open","ping_status":"closed","sticky":false,"template":"","format":"standard","meta":{"_genesis_hide_title":false,"_genesis_hide_breadcrumbs":false,"_genesis_hide_singular_image":false,"_genesis_hide_footer_widgets":false,"_genesis_custom_body_class":"","_genesis_custom_post_class":"","_genesis_layout":"","_jetpack_memberships_contains_paid_content":false,"footnotes":""},"categories":[22],"tags":[],"class_list":{"0":"post-74978","1":"post","2":"type-post","3":"status-publish","4":"format-standard","5":"has-post-thumbnail","7":"category-brasil","8":"entry","9":"gs-1","10":"gs-odd","11":"gs-even","12":"gs-featured-content-entry"},"jetpack_featured_media_url":"https:\/\/www.redenoticia.com.br\/noticia\/imagens\/economia-grafica-analise-inflacao.jpg","jetpack_sharing_enabled":true,"jetpack_likes_enabled":true,"_links":{"self":[{"href":"https:\/\/www.redenoticia.com.br\/noticia\/wp-json\/wp\/v2\/posts\/74978","targetHints":{"allow":["GET"]}}],"collection":[{"href":"https:\/\/www.redenoticia.com.br\/noticia\/wp-json\/wp\/v2\/posts"}],"about":[{"href":"https:\/\/www.redenoticia.com.br\/noticia\/wp-json\/wp\/v2\/types\/post"}],"author":[{"embeddable":true,"href":"https:\/\/www.redenoticia.com.br\/noticia\/wp-json\/wp\/v2\/users\/2"}],"replies":[{"embeddable":true,"href":"https:\/\/www.redenoticia.com.br\/noticia\/wp-json\/wp\/v2\/comments?post=74978"}],"version-history":[{"count":0,"href":"https:\/\/www.redenoticia.com.br\/noticia\/wp-json\/wp\/v2\/posts\/74978\/revisions"}],"wp:featuredmedia":[{"embeddable":true,"href":"https:\/\/www.redenoticia.com.br\/noticia\/wp-json\/wp\/v2\/media\/57584"}],"wp:attachment":[{"href":"https:\/\/www.redenoticia.com.br\/noticia\/wp-json\/wp\/v2\/media?parent=74978"}],"wp:term":[{"taxonomy":"category","embeddable":true,"href":"https:\/\/www.redenoticia.com.br\/noticia\/wp-json\/wp\/v2\/categories?post=74978"},{"taxonomy":"post_tag","embeddable":true,"href":"https:\/\/www.redenoticia.com.br\/noticia\/wp-json\/wp\/v2\/tags?post=74978"}],"curies":[{"name":"wp","href":"https:\/\/api.w.org\/{rel}","templated":true}]}}