{"id":74974,"date":"2015-09-09T19:02:26","date_gmt":"2015-09-09T22:02:26","guid":{"rendered":"http:\/\/www.redenoticia.com.br\/noticia\/?p=74974"},"modified":"2015-09-09T19:02:26","modified_gmt":"2015-09-09T22:02:26","slug":"educacao-fisica-pode-voltar-a-ser-obrigatoria-nas-escolas","status":"publish","type":"post","link":"https:\/\/www.redenoticia.com.br\/noticia\/2015\/educacao-fisica-pode-voltar-a-ser-obrigatoria-nas-escolas\/74974","title":{"rendered":"Educa\u00e7\u00e3o f\u00edsica pode voltar a ser obrigat\u00f3ria nas escolas"},"content":{"rendered":"<p>O ministro do Esporte, George Hilton, anunciou que at\u00e9 o fim de outubro dever\u00e1 ser encaminhado ao Congresso Nacional o texto do projeto de lei que cria o Sistema Nacional do Esporte. Segundo ele, falta apenas definir as fontes de financiamento da pr\u00e1tica esportiva. Um dos principais objetivos da mat\u00e9ria \u00e9 trazer de volta a obrigatoriedade do ensino de <strong><em>educa\u00e7\u00e3o f\u00edsica<\/em><\/strong> nas escolas de todo o pa\u00eds.<\/p>\n<p>A informa\u00e7\u00e3o foi dada pelo ministro logo ap\u00f3s participar do 5\u00ba F\u00f3rum Nacional do Esporte, promovido pelo Grupo de L\u00edderes Empresariais (Lide) .<\/p>\n<p>Hilton explicou que o Sistema Nacional do Esporte ser\u00e1 uma lei de diretrizes e bases, nos mesmos moldes da Lei de Diretrizes de Bases da Educa\u00e7\u00e3o, na qual ser\u00e1 definido o papel de cada ente p\u00fablico e privado no investimento no setor.<\/p>\n<p>Questionado sobre a sua expectativa em torno da ades\u00e3o dos empres\u00e1rios no incentivo ao esporte em um momento de dificuldades financeiras, o ministro observou que o governo fez a sua parte ao prorrogar para 2022 a pol\u00edtica de ren\u00fancia fiscal.<\/p>\n<p>\u201cEntendemos que a pr\u00e1tica esportiva tamb\u00e9m \u00e9 uma pol\u00edtica de preven\u00e7\u00e3o. Se a gente investir no esporte hoje, vai gastar muito menos amanh\u00e3 com sa\u00fade p\u00fablica e seguran\u00e7a p\u00fablica\u201d, acrescentou.<\/p>\n<p>Para o ministro, a uni\u00e3o de for\u00e7as entre os governos e o empresariado, incluindo os v\u00e1rios segmentos envolvidos na \u00e1rea, vai permitir a massifica\u00e7\u00e3o do esporte no pa\u00eds.<\/p>\n<p>George Hilton manifestou confian\u00e7a no \u00eaxito dos Jogos Ol\u00edmpicos e Paral\u00edmpicos de 2016 e disse que, por causa desse evento, ser\u00e3o entregues centros de treinamentos para a inicia\u00e7\u00e3o ao esporte em todo o pa\u00eds.<\/p>\n<p>Participaram ainda do encontro do Lide o governador de S\u00e3o Paulo, Geraldo Alckmin, empres\u00e1rios que investem na pr\u00e1tica esportiva e atletas, entre eles Ana Moser, Gustavo Borges, Henrique Guimar\u00e3es, Hort\u00eancia Macari, Oscar Schmidt, Ida \u00c1lvares, Lars Grael, Maur\u00edcio Lima, Rog\u00e9rio Sampaio, William Machado, Tiago Camilo e o pentacampe\u00e3o e ex-capit\u00e3o da Sele\u00e7\u00e3o Brasileira de Futebol, Cafu.<\/p>\n<p>Marli Moreira &#8211; Rep\u00f3rter da Ag\u00eancia Brasil<br \/>\nEdi\u00e7\u00e3o: Gra\u00e7a Adjuto<\/p>\n","protected":false},"excerpt":{"rendered":"<p>O ministro do Esporte, George Hilton, anunciou que at\u00e9 o fim de outubro dever\u00e1 ser encaminhado ao Congresso Nacional o texto do projeto de lei que cria o Sistema Nacional do Esporte. Segundo ele, falta apenas definir as fontes de financiamento da pr\u00e1tica esportiva. Um dos principais objetivos da mat\u00e9ria \u00e9 trazer de volta a [&hellip;]<\/p>\n","protected":false},"author":2,"featured_media":21774,"comment_status":"open","ping_status":"closed","sticky":false,"template":"","format":"standard","meta":{"_genesis_hide_title":false,"_genesis_hide_breadcrumbs":false,"_genesis_hide_singular_image":false,"_genesis_hide_footer_widgets":false,"_genesis_custom_body_class":"","_genesis_custom_post_class":"","_genesis_layout":"","_jetpack_memberships_contains_paid_content":false,"footnotes":""},"categories":[22],"tags":[],"class_list":{"0":"post-74974","1":"post","2":"type-post","3":"status-publish","4":"format-standard","5":"has-post-thumbnail","7":"category-brasil","8":"entry","9":"gs-1","10":"gs-odd","11":"gs-even","12":"gs-featured-content-entry"},"jetpack_featured_media_url":"https:\/\/www.redenoticia.com.br\/noticia\/imagens\/corpo-em-forma-verao.jpg","jetpack_sharing_enabled":true,"jetpack_likes_enabled":true,"_links":{"self":[{"href":"https:\/\/www.redenoticia.com.br\/noticia\/wp-json\/wp\/v2\/posts\/74974","targetHints":{"allow":["GET"]}}],"collection":[{"href":"https:\/\/www.redenoticia.com.br\/noticia\/wp-json\/wp\/v2\/posts"}],"about":[{"href":"https:\/\/www.redenoticia.com.br\/noticia\/wp-json\/wp\/v2\/types\/post"}],"author":[{"embeddable":true,"href":"https:\/\/www.redenoticia.com.br\/noticia\/wp-json\/wp\/v2\/users\/2"}],"replies":[{"embeddable":true,"href":"https:\/\/www.redenoticia.com.br\/noticia\/wp-json\/wp\/v2\/comments?post=74974"}],"version-history":[{"count":0,"href":"https:\/\/www.redenoticia.com.br\/noticia\/wp-json\/wp\/v2\/posts\/74974\/revisions"}],"wp:featuredmedia":[{"embeddable":true,"href":"https:\/\/www.redenoticia.com.br\/noticia\/wp-json\/wp\/v2\/media\/21774"}],"wp:attachment":[{"href":"https:\/\/www.redenoticia.com.br\/noticia\/wp-json\/wp\/v2\/media?parent=74974"}],"wp:term":[{"taxonomy":"category","embeddable":true,"href":"https:\/\/www.redenoticia.com.br\/noticia\/wp-json\/wp\/v2\/categories?post=74974"},{"taxonomy":"post_tag","embeddable":true,"href":"https:\/\/www.redenoticia.com.br\/noticia\/wp-json\/wp\/v2\/tags?post=74974"}],"curies":[{"name":"wp","href":"https:\/\/api.w.org\/{rel}","templated":true}]}}