{"id":74915,"date":"2015-09-08T15:40:57","date_gmt":"2015-09-08T18:40:57","guid":{"rendered":"http:\/\/www.redenoticia.com.br\/noticia\/?p=74915"},"modified":"2015-09-08T15:40:57","modified_gmt":"2015-09-08T18:40:57","slug":"inflacao-calculada-pelo-dieese-fica-em-006","status":"publish","type":"post","link":"https:\/\/www.redenoticia.com.br\/noticia\/2015\/inflacao-calculada-pelo-dieese-fica-em-006\/74915","title":{"rendered":"Infla\u00e7\u00e3o calculada pelo Dieese fica em 0,06%"},"content":{"rendered":"<p> O <strong><em>custo de vida<\/em><\/strong> na capital paulista aumentou 0,06%, em agosto, na compara\u00e7\u00e3o com o m\u00eas anterior, aponta levantamento do Departamento Intersindical de Estat\u00edstica e Estudos Socioecon\u00f4micos (Dieese). Em julho, a taxa ficou em 0,95%. Os itens que mais contribu\u00edram para a forma\u00e7\u00e3o do \u00edndice foram sa\u00fade (1,18%), educa\u00e7\u00e3o e leitura (0,25%), transporte (-0,11%) e alimenta\u00e7\u00e3o (-0,47%). Nos \u00faltimos 12 meses, o \u00edndice acumula alta de 10,05%. O impacto \u00e9 maior para fam\u00edlias de baixa renda, para as quais a infla\u00e7\u00e3o acumulada \u00e9 11,76%. Em 2015, a taxa acumulada est\u00e1 em 8,12%.<\/p>\n<p>O aumento no grupo sa\u00fade deve-se ao acr\u00e9scimo de 1,44% na assist\u00eancia m\u00e9dica, por causa do reajuste dos seguros e conv\u00eanios (1,51%) e consultas m\u00e9dicas (1,26%). Em seguida, est\u00e3o os custos com educa\u00e7\u00e3o e leitura, que se elevaram 0,25%. Os cursos formais tiveram acr\u00e9scimo de 0,29%, devido ao aumento nos cursos pr\u00e9-vestibular (2,74%) e universit\u00e1rio (0,57%). Esse dois grupos contribu\u00edram 0,19 ponto percentual para eleva\u00e7\u00e3o do \u00cdndice de Custo de Vida.<\/p>\n<p>A queda de 0,11% no grupo transporte est\u00e1 relacionada \u00e0 diminui\u00e7\u00e3o do custo do transporte individual (-0,2%), tendo vista que o combust\u00edvel caiu 0,56%. No transporte coletivo (0,07%), o destaque foi o reajuste do \u00f4nibus interestadual (0,77%). O decr\u00e9scimo na alimenta\u00e7\u00e3o (-0,47%) foi puxado pelo comportamento do subgrupo produtos in natura e semielaborados que registrou taxa de -1,38%. Esses grupos tiveram impacto de negativo de 0,17 ponto percentual na forma\u00e7\u00e3o do \u00edndice.<\/p>\n<p>A batata ficou 14,83% mais barata em agosto, contribuindo para o recuo de 8,55% no item ra\u00edzes e tub\u00e9rculos do subgrupo produtos in natura e semielaborados. A cebola (-5,88%), a beterraba (-4,80%), a cenoura (-4,24%) e a mandioca (-3,04%) tamb\u00e9m tiveram redu\u00e7\u00e3o nos pre\u00e7os. Nesta categoria, chamam aten\u00e7\u00e3o, ainda, pela baixa no custo, os itens gr\u00e3os (-1,44%), hortali\u00e7as (-3,25%), frutas (-3,35%) e legumes (-5,83%). Leite in natura, aves e ovos e carnes apresentaram maior pre\u00e7o.<\/p>\n<p>O Dieese calcula mais tr\u00eas indicadores de infla\u00e7\u00e3o, de acordo com tr\u00eas estratos de renda do paulistano. Em agosto, as fam\u00edlias com menor n\u00edvel de rendimento, estrato 1, a taxa ficou negativa em -0,05%. Para as que t\u00eam rendimento intermedi\u00e1rio, a taxa ficou praticamente est\u00e1vel (0,01%). O impacto para as fam\u00edlias de maior poder aquisitivo foi 0,13%. As taxas s\u00e3o menores do que as verificadas em julho: 1\u00ba estrato,1,33%); para o 2\u00ba estrato, 1,05%; e para o 3\u00ba estrato, 0,8%.<\/p>\n<p>Camila Maciel &#8211; Rep\u00f3rter da Ag\u00eancia Brasil<br \/>\nEdi\u00e7\u00e3o: Maria Claudia<\/p>\n","protected":false},"excerpt":{"rendered":"<p>O custo de vida na capital paulista aumentou 0,06%, em agosto, na compara\u00e7\u00e3o com o m\u00eas anterior, aponta levantamento do Departamento Intersindical de Estat\u00edstica e Estudos Socioecon\u00f4micos (Dieese). Em julho, a taxa ficou em 0,95%. Os itens que mais contribu\u00edram para a forma\u00e7\u00e3o do \u00edndice foram sa\u00fade (1,18%), educa\u00e7\u00e3o e leitura (0,25%), transporte (-0,11%) e [&hellip;]<\/p>\n","protected":false},"author":2,"featured_media":57584,"comment_status":"open","ping_status":"closed","sticky":false,"template":"","format":"standard","meta":{"_genesis_hide_title":false,"_genesis_hide_breadcrumbs":false,"_genesis_hide_singular_image":false,"_genesis_hide_footer_widgets":false,"_genesis_custom_body_class":"","_genesis_custom_post_class":"","_genesis_layout":"","_jetpack_memberships_contains_paid_content":false,"footnotes":""},"categories":[22,7],"tags":[],"class_list":{"0":"post-74915","1":"post","2":"type-post","3":"status-publish","4":"format-standard","5":"has-post-thumbnail","7":"category-brasil","8":"category-economia","9":"entry","10":"gs-1","11":"gs-odd","12":"gs-even","13":"gs-featured-content-entry"},"jetpack_featured_media_url":"https:\/\/www.redenoticia.com.br\/noticia\/imagens\/economia-grafica-analise-inflacao.jpg","jetpack_sharing_enabled":true,"jetpack_likes_enabled":true,"_links":{"self":[{"href":"https:\/\/www.redenoticia.com.br\/noticia\/wp-json\/wp\/v2\/posts\/74915","targetHints":{"allow":["GET"]}}],"collection":[{"href":"https:\/\/www.redenoticia.com.br\/noticia\/wp-json\/wp\/v2\/posts"}],"about":[{"href":"https:\/\/www.redenoticia.com.br\/noticia\/wp-json\/wp\/v2\/types\/post"}],"author":[{"embeddable":true,"href":"https:\/\/www.redenoticia.com.br\/noticia\/wp-json\/wp\/v2\/users\/2"}],"replies":[{"embeddable":true,"href":"https:\/\/www.redenoticia.com.br\/noticia\/wp-json\/wp\/v2\/comments?post=74915"}],"version-history":[{"count":0,"href":"https:\/\/www.redenoticia.com.br\/noticia\/wp-json\/wp\/v2\/posts\/74915\/revisions"}],"wp:featuredmedia":[{"embeddable":true,"href":"https:\/\/www.redenoticia.com.br\/noticia\/wp-json\/wp\/v2\/media\/57584"}],"wp:attachment":[{"href":"https:\/\/www.redenoticia.com.br\/noticia\/wp-json\/wp\/v2\/media?parent=74915"}],"wp:term":[{"taxonomy":"category","embeddable":true,"href":"https:\/\/www.redenoticia.com.br\/noticia\/wp-json\/wp\/v2\/categories?post=74915"},{"taxonomy":"post_tag","embeddable":true,"href":"https:\/\/www.redenoticia.com.br\/noticia\/wp-json\/wp\/v2\/tags?post=74915"}],"curies":[{"name":"wp","href":"https:\/\/api.w.org\/{rel}","templated":true}]}}