{"id":74913,"date":"2015-09-08T15:39:37","date_gmt":"2015-09-08T18:39:37","guid":{"rendered":"http:\/\/www.redenoticia.com.br\/noticia\/?p=74913"},"modified":"2015-09-08T15:39:37","modified_gmt":"2015-09-08T18:39:37","slug":"boletim-focus-projecao-para-queda-da-economia-este-ano-chega-a-244","status":"publish","type":"post","link":"https:\/\/www.redenoticia.com.br\/noticia\/2015\/boletim-focus-projecao-para-queda-da-economia-este-ano-chega-a-244\/74913","title":{"rendered":"Boletim Focus: proje\u00e7\u00e3o para queda da economia este ano chega a 2,44%"},"content":{"rendered":"<p> A proje\u00e7\u00e3o de institui\u00e7\u00f5es financeiras para o <strong><em>encolhimento da economia<\/em><\/strong> este ano teve a oitava alta seguida. A estimativa para a queda do Produto Interno Bruto (PIB), soma de todos os bens e servi\u00e7os produzidos no pa\u00eds, chegou a 2,44%. Na semana passada, estava em 2,26%. Para 2016, a proje\u00e7\u00e3o de retra\u00e7\u00e3o passou de 0,4% para 0,5%, no quinto ajuste consecutivo.<\/p>\n<p>Essas estimativas s\u00e3o do boletim Focus, uma publica\u00e7\u00e3o semanal elaborada pelo Banco Central (BC), com base em proje\u00e7\u00f5es de institui\u00e7\u00f5es financeiras para os principais indicadores da economia.<\/p>\n<p>Na avalia\u00e7\u00e3o do mercado financeiro, a produ\u00e7\u00e3o industrial deve apresentar retra\u00e7\u00e3o de 6%, este ano, contra 5,57% previstos na semana passada. Em 2016, a expectativa \u00e9 de recupera\u00e7\u00e3o do setor, com crescimento de 0,72%, ante a previs\u00e3o anterior de 0,89%.<\/p>\n<p>Em 2015, a infla\u00e7\u00e3o deve superar a meta estabelecida pelo Conselho Monet\u00e1rio Nacional (4,5%, com limite superior de 6,5%). A estimativa das institui\u00e7\u00f5es financeiras para o \u00cdndice Nacional de Pre\u00e7os ao Consumidor Amplo (IPCA) este ano foi ajustada de 9,28% para 9,29%. Para o pr\u00f3ximo ano, a proje\u00e7\u00e3o passou de 5,51% para 5,58%.<\/p>\n<p>Para tentar trazer a infla\u00e7\u00e3o para a meta, o Banco Central elevou a taxa b\u00e1sica de juros, a Selic, por sete vezes seguidas. Depois desse ciclo de alta, na reuni\u00e3o do Comit\u00ea de Pol\u00edtica Monet\u00e1ria (Copom) na semana passada, a Selic foi mantida em 14,25% ao ano.<\/p>\n<p>Para as institui\u00e7\u00f5es financeiras, a Selic deve permanecer em 14,25% ao ano at\u00e9 o fim de 2015 e ser reduzida em 2016. A proje\u00e7\u00e3o mediana (desconsidera os extremos da estimativa) para o fim do pr\u00f3ximo ano segue em 12% ao ano.<\/p>\n<p>A taxa Selic \u00e9 usada nas negocia\u00e7\u00f5es de t\u00edtulos p\u00fablicos no Sistema Especial de Liquida\u00e7\u00e3o e Cust\u00f3dia (Selic) e serve como refer\u00eancia para as demais taxas de juros da economia. Ao reajust\u00e1-la para cima, o BC cont\u00e9m o excesso de demanda que pressiona os pre\u00e7os, porque os juros mais altos encarecem o cr\u00e9dito e estimulam a poupan\u00e7a. Quando reduz os juros b\u00e1sicos, o Copom barateia o cr\u00e9dito e incentiva a produ\u00e7\u00e3o e o consumo, mas alivia o controle sobre a infla\u00e7\u00e3o.<\/p>\n<p>Ao manter a Selic, o BC indica que ajustes anteriores foram suficiente para produzir os efeitos esperados na economia. Para o Banco Central, os efeitos de eleva\u00e7\u00e3o da Selic se acumulam e levam tempo para aparecer.<\/p>\n<p>O boletim Focus tamb\u00e9m traz a proje\u00e7\u00e3o para a infla\u00e7\u00e3o medida pelo \u00cdndice Geral de Pre\u00e7os \u2013 Disponibilidade Interna (IGP-DI), que subiu de 7,69% para 7,75%, este ano. Para o \u00cdndice Geral de Pre\u00e7os &#8211; Mercado (IGP-M), a estimativa passou de 7,61% para 7,63%, em 2015. A estimativa para o \u00cdndice de Pre\u00e7os ao Consumidor da Funda\u00e7\u00e3o Instituto de Pesquisas Econ\u00f4micas (IPC-Fipe) subiu de 9,23% para 9,33%, este ano.<\/p>\n<p>A proje\u00e7\u00e3o para a cota\u00e7\u00e3o do d\u00f3lar, ao final este ano foi ajustada de R$ 3,50 para R$ 3,60. Para o fim de 2016, a proje\u00e7\u00e3o passou de R$ 3,60 para R$ 3,70.<\/p>\n<p>Kelly Oliveira \u2013 Rep\u00f3rter da Ag\u00eancia Brasil<br \/>\nEdi\u00e7\u00e3o: Denise Griesinger<\/p>\n","protected":false},"excerpt":{"rendered":"<p>A proje\u00e7\u00e3o de institui\u00e7\u00f5es financeiras para o encolhimento da economia este ano teve a oitava alta seguida. A estimativa para a queda do Produto Interno Bruto (PIB), soma de todos os bens e servi\u00e7os produzidos no pa\u00eds, chegou a 2,44%. Na semana passada, estava em 2,26%. Para 2016, a proje\u00e7\u00e3o de retra\u00e7\u00e3o passou de 0,4% [&hellip;]<\/p>\n","protected":false},"author":2,"featured_media":57583,"comment_status":"open","ping_status":"closed","sticky":false,"template":"","format":"standard","meta":{"_genesis_hide_title":false,"_genesis_hide_breadcrumbs":false,"_genesis_hide_singular_image":false,"_genesis_hide_footer_widgets":false,"_genesis_custom_body_class":"","_genesis_custom_post_class":"","_genesis_layout":"","_jetpack_memberships_contains_paid_content":false,"footnotes":""},"categories":[22,7],"tags":[],"class_list":{"0":"post-74913","1":"post","2":"type-post","3":"status-publish","4":"format-standard","5":"has-post-thumbnail","7":"category-brasil","8":"category-economia","9":"entry","10":"gs-1","11":"gs-odd","12":"gs-even","13":"gs-featured-content-entry"},"jetpack_featured_media_url":"https:\/\/www.redenoticia.com.br\/noticia\/imagens\/economia-grafico.jpg","jetpack_sharing_enabled":true,"jetpack_likes_enabled":true,"_links":{"self":[{"href":"https:\/\/www.redenoticia.com.br\/noticia\/wp-json\/wp\/v2\/posts\/74913","targetHints":{"allow":["GET"]}}],"collection":[{"href":"https:\/\/www.redenoticia.com.br\/noticia\/wp-json\/wp\/v2\/posts"}],"about":[{"href":"https:\/\/www.redenoticia.com.br\/noticia\/wp-json\/wp\/v2\/types\/post"}],"author":[{"embeddable":true,"href":"https:\/\/www.redenoticia.com.br\/noticia\/wp-json\/wp\/v2\/users\/2"}],"replies":[{"embeddable":true,"href":"https:\/\/www.redenoticia.com.br\/noticia\/wp-json\/wp\/v2\/comments?post=74913"}],"version-history":[{"count":0,"href":"https:\/\/www.redenoticia.com.br\/noticia\/wp-json\/wp\/v2\/posts\/74913\/revisions"}],"wp:featuredmedia":[{"embeddable":true,"href":"https:\/\/www.redenoticia.com.br\/noticia\/wp-json\/wp\/v2\/media\/57583"}],"wp:attachment":[{"href":"https:\/\/www.redenoticia.com.br\/noticia\/wp-json\/wp\/v2\/media?parent=74913"}],"wp:term":[{"taxonomy":"category","embeddable":true,"href":"https:\/\/www.redenoticia.com.br\/noticia\/wp-json\/wp\/v2\/categories?post=74913"},{"taxonomy":"post_tag","embeddable":true,"href":"https:\/\/www.redenoticia.com.br\/noticia\/wp-json\/wp\/v2\/tags?post=74913"}],"curies":[{"name":"wp","href":"https:\/\/api.w.org\/{rel}","templated":true}]}}