{"id":74824,"date":"2015-09-04T19:45:15","date_gmt":"2015-09-04T22:45:15","guid":{"rendered":"http:\/\/www.redenoticia.com.br\/noticia\/?p=74824"},"modified":"2015-09-04T19:45:15","modified_gmt":"2015-09-04T22:45:15","slug":"saques-superam-depositos-e-poupanca-tem-pior-agosto-em-20-anos","status":"publish","type":"post","link":"https:\/\/www.redenoticia.com.br\/noticia\/2015\/saques-superam-depositos-e-poupanca-tem-pior-agosto-em-20-anos\/74824","title":{"rendered":"Saques superam dep\u00f3sitos e poupan\u00e7a tem pior agosto em 20 anos"},"content":{"rendered":"<p> O Banco Central (BC) informou que os brasileiros retiraram R$ 7,501 bilh\u00f5es a mais do que depositaram na <strong><em>poupan\u00e7a<\/em><\/strong> em agosto. Foi o pior resultado para o m\u00eas desde o in\u00edcio da s\u00e9rie hist\u00f3rica do BC, em 1995, e o oitavo resultado negativo consecutivo da poupan\u00e7a em 2015. No acumulado do ano, a caderneta teve capta\u00e7\u00e3o negativa de R$ 48,5 bilh\u00f5es.<\/p>\n<p>At\u00e9 o momento, o pior resultado da poupan\u00e7a neste ano, e em toda a s\u00e9rie hist\u00f3rica \u00e9 o de mar\u00e7o, quando os saques superaram os dep\u00f3sitos em R$ 11,438 bilh\u00f5es. Em agosto, os saques na poupan\u00e7a somaram R$ 163,4 bilh\u00f5es, superando os dep\u00f3sitos, que ficaram em R$ 155,9 bilh\u00f5es. O valor total nas contas ficou em R$ 645,11 bilh\u00f5es. O volume dos rendimentos creditados nas cadernetas dos investidores alcan\u00e7ou R$ 4,373 bilh\u00f5es.<\/p>\n<p>V\u00e1rios fatores t\u00eam contribu\u00eddo para a fuga de recursos da poupan\u00e7a em 2015. Em primeiro lugar, as eleva\u00e7\u00f5es da Selic (taxa b\u00e1sica de juros da economia), atualmente em 14,25% ao ano, tornaram a poupan\u00e7a menos atraente do que outras aplica\u00e7\u00f5es.<\/p>\n<p>Segundo a Associa\u00e7\u00e3o Nacional dos Executivos de Finan\u00e7as, Administra\u00e7\u00e3o e Contabilidade (Anefac), a caderneta \u00e9 mais vantajosa do que os fundos de investimento apenas quando as aplica\u00e7\u00f5es s\u00e3o inferiores a seis meses, apesar de a poupan\u00e7a ser isenta de Imposto de Renda e de taxas de administra\u00e7\u00e3o.<\/p>\n<p>A alta da infla\u00e7\u00e3o tamb\u00e9m contribuiu para a perda de atratividade da poupan\u00e7a. Segundo o Instituto Brasileiro de Geografia e Estat\u00edstica (IBGE), a infla\u00e7\u00e3o medida pelo \u00cdndice Nacional de Pre\u00e7os ao Consumidor Amplo (IPCA) est\u00e1 em 9,56% no acumulado de 12 meses at\u00e9 julho. O aumento dos pre\u00e7os e do endividamento dos consumidores diminui a sobra de recursos a ser aplicada na caderneta.<\/p>\n<p>Mariana Branco \u2013 Rep\u00f3rter da Ag\u00eancia Brasil<br \/>\nEdi\u00e7\u00e3o: Maria Claudia<\/p>\n","protected":false},"excerpt":{"rendered":"<p>O Banco Central (BC) informou que os brasileiros retiraram R$ 7,501 bilh\u00f5es a mais do que depositaram na poupan\u00e7a em agosto. Foi o pior resultado para o m\u00eas desde o in\u00edcio da s\u00e9rie hist\u00f3rica do BC, em 1995, e o oitavo resultado negativo consecutivo da poupan\u00e7a em 2015. No acumulado do ano, a caderneta teve [&hellip;]<\/p>\n","protected":false},"author":2,"featured_media":57583,"comment_status":"open","ping_status":"closed","sticky":false,"template":"","format":"standard","meta":{"_genesis_hide_title":false,"_genesis_hide_breadcrumbs":false,"_genesis_hide_singular_image":false,"_genesis_hide_footer_widgets":false,"_genesis_custom_body_class":"","_genesis_custom_post_class":"","_genesis_layout":"","_jetpack_memberships_contains_paid_content":false,"footnotes":""},"categories":[22,7],"tags":[],"class_list":{"0":"post-74824","1":"post","2":"type-post","3":"status-publish","4":"format-standard","5":"has-post-thumbnail","7":"category-brasil","8":"category-economia","9":"entry","10":"gs-1","11":"gs-odd","12":"gs-even","13":"gs-featured-content-entry"},"jetpack_featured_media_url":"https:\/\/www.redenoticia.com.br\/noticia\/imagens\/economia-grafico.jpg","jetpack_sharing_enabled":true,"jetpack_likes_enabled":true,"_links":{"self":[{"href":"https:\/\/www.redenoticia.com.br\/noticia\/wp-json\/wp\/v2\/posts\/74824","targetHints":{"allow":["GET"]}}],"collection":[{"href":"https:\/\/www.redenoticia.com.br\/noticia\/wp-json\/wp\/v2\/posts"}],"about":[{"href":"https:\/\/www.redenoticia.com.br\/noticia\/wp-json\/wp\/v2\/types\/post"}],"author":[{"embeddable":true,"href":"https:\/\/www.redenoticia.com.br\/noticia\/wp-json\/wp\/v2\/users\/2"}],"replies":[{"embeddable":true,"href":"https:\/\/www.redenoticia.com.br\/noticia\/wp-json\/wp\/v2\/comments?post=74824"}],"version-history":[{"count":0,"href":"https:\/\/www.redenoticia.com.br\/noticia\/wp-json\/wp\/v2\/posts\/74824\/revisions"}],"wp:featuredmedia":[{"embeddable":true,"href":"https:\/\/www.redenoticia.com.br\/noticia\/wp-json\/wp\/v2\/media\/57583"}],"wp:attachment":[{"href":"https:\/\/www.redenoticia.com.br\/noticia\/wp-json\/wp\/v2\/media?parent=74824"}],"wp:term":[{"taxonomy":"category","embeddable":true,"href":"https:\/\/www.redenoticia.com.br\/noticia\/wp-json\/wp\/v2\/categories?post=74824"},{"taxonomy":"post_tag","embeddable":true,"href":"https:\/\/www.redenoticia.com.br\/noticia\/wp-json\/wp\/v2\/tags?post=74824"}],"curies":[{"name":"wp","href":"https:\/\/api.w.org\/{rel}","templated":true}]}}