{"id":74822,"date":"2015-09-04T19:43:59","date_gmt":"2015-09-04T22:43:59","guid":{"rendered":"http:\/\/www.redenoticia.com.br\/noticia\/?p=74822"},"modified":"2015-09-04T19:43:59","modified_gmt":"2015-09-04T22:43:59","slug":"igp-di-acumula-inflacao-de-78-em-12-meses","status":"publish","type":"post","link":"https:\/\/www.redenoticia.com.br\/noticia\/2015\/igp-di-acumula-inflacao-de-78-em-12-meses\/74822","title":{"rendered":"IGP-DI acumula infla\u00e7\u00e3o de 7,8% em 12 meses"},"content":{"rendered":"<p> A <strong><em>infla\u00e7\u00e3o<\/em><\/strong> medida pelo \u00cdndice Geral de Pre\u00e7os \u2013 Disponibilidade Interna (IGP-DI) ficou em 0,4% em agosto deste ano. A taxa \u00e9 inferior \u00e0 observada em julho, que foi 0,58%, mas superior \u00e0 registrada em agosto do ano passado (0,06%). Segundo a Funda\u00e7\u00e3o Getulio Vargas (FGV), o IGP-DI acumula taxas de 5,53% no ano e 7,8% no per\u00edodo de 12 meses.<\/p>\n<p>A queda da taxa entre julho e agosto foi provocada pelos pre\u00e7os no atacado e no varejo, que tiveram infla\u00e7\u00f5es menores em agosto. O \u00cdndice de Pre\u00e7os ao Produtor Amplo, que analisa o atacado, ficou em 0,44% em agosto, ante o 0,61% de julho.<\/p>\n<p>J\u00e1 a infla\u00e7\u00e3o do \u00cdndice de Pre\u00e7os ao Consumidor, que analisa o varejo, caiu de 0,53% em julho para 0,22% em agosto, comportamento ditado principalmente pelos alimentos, cujos pre\u00e7os passaram de uma alta de 0,79% para uma queda de 0,11% de um m\u00eas para o outro.<\/p>\n<p>Os pre\u00e7os da constru\u00e7\u00e3o, medidos pelo \u00cdndice Nacional de Custo da Constru\u00e7\u00e3o (INCC), por outro lado, tiveram alta da infla\u00e7\u00e3o, ao passar de 0,55% em julho para 0,59% em agosto. O IGP-DI foi calculado com base em pre\u00e7os coletados entre 1\u00ba e 31 de agosto.<\/p>\n<p>Vitor Abdala \u2013 Rep\u00f3rter da Ag\u00eancia Brasil<br \/>\nEdi\u00e7\u00e3o: Jos\u00e9 Romildo<\/p>\n","protected":false},"excerpt":{"rendered":"<p>A infla\u00e7\u00e3o medida pelo \u00cdndice Geral de Pre\u00e7os \u2013 Disponibilidade Interna (IGP-DI) ficou em 0,4% em agosto deste ano. A taxa \u00e9 inferior \u00e0 observada em julho, que foi 0,58%, mas superior \u00e0 registrada em agosto do ano passado (0,06%). Segundo a Funda\u00e7\u00e3o Getulio Vargas (FGV), o IGP-DI acumula taxas de 5,53% no ano e [&hellip;]<\/p>\n","protected":false},"author":2,"featured_media":57584,"comment_status":"open","ping_status":"closed","sticky":false,"template":"","format":"standard","meta":{"_genesis_hide_title":false,"_genesis_hide_breadcrumbs":false,"_genesis_hide_singular_image":false,"_genesis_hide_footer_widgets":false,"_genesis_custom_body_class":"","_genesis_custom_post_class":"","_genesis_layout":"","_jetpack_memberships_contains_paid_content":false,"footnotes":""},"categories":[22,7],"tags":[],"class_list":{"0":"post-74822","1":"post","2":"type-post","3":"status-publish","4":"format-standard","5":"has-post-thumbnail","7":"category-brasil","8":"category-economia","9":"entry","10":"gs-1","11":"gs-odd","12":"gs-even","13":"gs-featured-content-entry"},"jetpack_featured_media_url":"https:\/\/www.redenoticia.com.br\/noticia\/imagens\/economia-grafica-analise-inflacao.jpg","jetpack_sharing_enabled":true,"jetpack_likes_enabled":true,"_links":{"self":[{"href":"https:\/\/www.redenoticia.com.br\/noticia\/wp-json\/wp\/v2\/posts\/74822","targetHints":{"allow":["GET"]}}],"collection":[{"href":"https:\/\/www.redenoticia.com.br\/noticia\/wp-json\/wp\/v2\/posts"}],"about":[{"href":"https:\/\/www.redenoticia.com.br\/noticia\/wp-json\/wp\/v2\/types\/post"}],"author":[{"embeddable":true,"href":"https:\/\/www.redenoticia.com.br\/noticia\/wp-json\/wp\/v2\/users\/2"}],"replies":[{"embeddable":true,"href":"https:\/\/www.redenoticia.com.br\/noticia\/wp-json\/wp\/v2\/comments?post=74822"}],"version-history":[{"count":0,"href":"https:\/\/www.redenoticia.com.br\/noticia\/wp-json\/wp\/v2\/posts\/74822\/revisions"}],"wp:featuredmedia":[{"embeddable":true,"href":"https:\/\/www.redenoticia.com.br\/noticia\/wp-json\/wp\/v2\/media\/57584"}],"wp:attachment":[{"href":"https:\/\/www.redenoticia.com.br\/noticia\/wp-json\/wp\/v2\/media?parent=74822"}],"wp:term":[{"taxonomy":"category","embeddable":true,"href":"https:\/\/www.redenoticia.com.br\/noticia\/wp-json\/wp\/v2\/categories?post=74822"},{"taxonomy":"post_tag","embeddable":true,"href":"https:\/\/www.redenoticia.com.br\/noticia\/wp-json\/wp\/v2\/tags?post=74822"}],"curies":[{"name":"wp","href":"https:\/\/api.w.org\/{rel}","templated":true}]}}