{"id":74820,"date":"2015-09-04T19:42:56","date_gmt":"2015-09-04T22:42:56","guid":{"rendered":"http:\/\/www.redenoticia.com.br\/noticia\/?p=74820"},"modified":"2015-09-04T19:42:56","modified_gmt":"2015-09-04T22:42:56","slug":"producao-de-veiculos-cai-182-em-agosto-diz-anfavea","status":"publish","type":"post","link":"https:\/\/www.redenoticia.com.br\/noticia\/2015\/producao-de-veiculos-cai-182-em-agosto-diz-anfavea\/74820","title":{"rendered":"Produ\u00e7\u00e3o de ve\u00edculos cai 18,2% em agosto, diz Anfavea"},"content":{"rendered":"<p> A <strong><em>produ\u00e7\u00e3o de carros<\/em><\/strong>, comerciais leves, caminh\u00f5es e \u00f4nibus caiu 18,2% em agosto na compara\u00e7\u00e3o com o mesmo m\u00eas do ano passado, de acordo com balan\u00e7o da Associa\u00e7\u00e3o Nacional dos Fabricantes de Ve\u00edculos Automotores (Anfavea), divulgado na capital paulista. Em agosto de 2015, foram produzidas 216.465 unidades, contra 264.626 em agosto de 2014. Em rela\u00e7\u00e3o ao m\u00eas de julho, houve queda de 3,5%. No acumulado do ano, a produ\u00e7\u00e3o j\u00e1 chegou a 1.730.708 de unidades,16,9% a menos do que o produzido no mesmo per\u00edodo do ano passado (2.083.393 unidades).<\/p>\n<p>\u201cEssa queda da produ\u00e7\u00e3o em parte se deve ao ajuste de estoque que ainda vai continuar no m\u00eas de setembro e em outubro. O estoque passou de 345 mil unidades em julho para 357 mil em agosto. Temos estoque para 52 dias de vendas\u201d, disse o presidente da Anfavea, Luiz Moan.<\/p>\n<p>Vendas<\/p>\n<p>A venda do setor caiu 8,9%. Foram comercializadas 207.250 unidades ante 227.617 unidades em julho. Na compara\u00e7\u00e3o com agosto do ano passado, houve queda de 23,9%. Naquele m\u00eas, foram vendidos 272.492 ve\u00edculos. No acumulado do ano, as vendas atingiram 1.753.816 de unidades, 21,4% a menos em rela\u00e7\u00e3o ao mesmo per\u00edodo de 2014.<\/p>\n<p> \u201cEsse m\u00eas de agosto tivemos dois dias \u00fateis a menos de vendas do que julho. Em m\u00e9dia di\u00e1ria, ficamos est\u00e1veis com rela\u00e7\u00e3o a julho, o que n\u00e3o significa que estejamos satisfeitos e respiremos. Na verdade, continuamos em um momento bastante dif\u00edcil de mercado, especialmente na \u00e1rea de caminh\u00f5es\u201d, disse Moan.<\/p>\n<p>Segundo a Anfavea, a venda de caminh\u00f5es caiu 10,5% em agosto (5.814 unidades) em rela\u00e7\u00e3o julho (6.497 unidades). Na compara\u00e7\u00e3o com agosto de 2014, quando foram licenciadas 10.807 unidades, a queda foi de 46,2%. No acumulado do ano, a queda \u00e9 de 43,5%.<\/p>\n<p>Exporta\u00e7\u00f5es<\/p>\n<p>As exporta\u00e7\u00f5es de autove\u00edculos somam 34.591 unidades em agosto, alta de 21,9% na compara\u00e7\u00e3o com julho. Em rela\u00e7\u00e3o ao mesmo m\u00eas de 2014, o crescimento foi de 9,2%. No acumulado do ano, a eleva\u00e7\u00e3o chega a 10,5%%. Em valores, as exporta\u00e7\u00f5es registraram aumento de 12,3% ante julho. No comparativo com agosto do ano passado, houve queda de 15,7% e no acumulado do ano, baixa de 10,7%.<\/p>\n<p>Emprego<\/p>\n<p>Segundo Moan, o emprego registrou nova queda (-1%) em agosto. \u201cPela programa\u00e7\u00e3o de setembro deveremos ter, entre lay-off e f\u00e9rias, 27.400 funcion\u00e1rios fora das montadoras. Esse n\u00famero sem contabilizar eventuais ades\u00f5es ao PPE [Plano de Prote\u00e7\u00e3o ao Emprego]. Esse esfor\u00e7o, mais o PPE, demonstram fortemente a preocupa\u00e7\u00e3o com a busca da manuten\u00e7\u00e3o do emprego e para minimizar ao m\u00e1ximo os efeitos de um poss\u00edvel desemprego\u201d.<\/p>\n<p>Fl\u00e1via Albuquerque &#8211; Rep\u00f3rter da Ag\u00eancia Brasil<br \/>\nEdi\u00e7\u00e3o: Carolina Pimentel<\/p>\n","protected":false},"excerpt":{"rendered":"<p>A produ\u00e7\u00e3o de carros, comerciais leves, caminh\u00f5es e \u00f4nibus caiu 18,2% em agosto na compara\u00e7\u00e3o com o mesmo m\u00eas do ano passado, de acordo com balan\u00e7o da Associa\u00e7\u00e3o Nacional dos Fabricantes de Ve\u00edculos Automotores (Anfavea), divulgado na capital paulista. Em agosto de 2015, foram produzidas 216.465 unidades, contra 264.626 em agosto de 2014. Em rela\u00e7\u00e3o [&hellip;]<\/p>\n","protected":false},"author":2,"featured_media":35207,"comment_status":"open","ping_status":"closed","sticky":false,"template":"","format":"standard","meta":{"_genesis_hide_title":false,"_genesis_hide_breadcrumbs":false,"_genesis_hide_singular_image":false,"_genesis_hide_footer_widgets":false,"_genesis_custom_body_class":"","_genesis_custom_post_class":"","_genesis_layout":"","_jetpack_memberships_contains_paid_content":false,"footnotes":""},"categories":[22,7],"tags":[],"class_list":{"0":"post-74820","1":"post","2":"type-post","3":"status-publish","4":"format-standard","5":"has-post-thumbnail","7":"category-brasil","8":"category-economia","9":"entry","10":"gs-1","11":"gs-odd","12":"gs-even","13":"gs-featured-content-entry"},"jetpack_featured_media_url":"https:\/\/www.redenoticia.com.br\/noticia\/imagens\/transito-estradas.jpg","jetpack_sharing_enabled":true,"jetpack_likes_enabled":true,"_links":{"self":[{"href":"https:\/\/www.redenoticia.com.br\/noticia\/wp-json\/wp\/v2\/posts\/74820","targetHints":{"allow":["GET"]}}],"collection":[{"href":"https:\/\/www.redenoticia.com.br\/noticia\/wp-json\/wp\/v2\/posts"}],"about":[{"href":"https:\/\/www.redenoticia.com.br\/noticia\/wp-json\/wp\/v2\/types\/post"}],"author":[{"embeddable":true,"href":"https:\/\/www.redenoticia.com.br\/noticia\/wp-json\/wp\/v2\/users\/2"}],"replies":[{"embeddable":true,"href":"https:\/\/www.redenoticia.com.br\/noticia\/wp-json\/wp\/v2\/comments?post=74820"}],"version-history":[{"count":0,"href":"https:\/\/www.redenoticia.com.br\/noticia\/wp-json\/wp\/v2\/posts\/74820\/revisions"}],"wp:featuredmedia":[{"embeddable":true,"href":"https:\/\/www.redenoticia.com.br\/noticia\/wp-json\/wp\/v2\/media\/35207"}],"wp:attachment":[{"href":"https:\/\/www.redenoticia.com.br\/noticia\/wp-json\/wp\/v2\/media?parent=74820"}],"wp:term":[{"taxonomy":"category","embeddable":true,"href":"https:\/\/www.redenoticia.com.br\/noticia\/wp-json\/wp\/v2\/categories?post=74820"},{"taxonomy":"post_tag","embeddable":true,"href":"https:\/\/www.redenoticia.com.br\/noticia\/wp-json\/wp\/v2\/tags?post=74820"}],"curies":[{"name":"wp","href":"https:\/\/api.w.org\/{rel}","templated":true}]}}