{"id":74817,"date":"2015-09-04T19:41:43","date_gmt":"2015-09-04T22:41:43","guid":{"rendered":"http:\/\/www.redenoticia.com.br\/noticia\/?p=74817"},"modified":"2015-09-04T19:41:43","modified_gmt":"2015-09-04T22:41:43","slug":"saude-suplementar-acumula-gastos-de-r-1393-bilhoes-em-12-meses","status":"publish","type":"post","link":"https:\/\/www.redenoticia.com.br\/noticia\/2015\/saude-suplementar-acumula-gastos-de-r-1393-bilhoes-em-12-meses\/74817","title":{"rendered":"Sa\u00fade suplementar acumula gastos de R$ 139,3 bilh\u00f5es em 12 meses"},"content":{"rendered":"<p> Os gastos totais do setor de <strong><em>sa\u00fade suplementar<\/em><\/strong> somaram R$ 139,3 bilh\u00f5es nos 12 meses encerrados em junho deste ano. Os dados, divulgados pela Federa\u00e7\u00e3o Nacional de Sa\u00fade Suplementar (FenaSa\u00fade), s\u00e3o relativos ao mesmo per\u00edodo do ano passado. De acordo com a FenaSa\u00fade, houve expans\u00e3o de 14,7%.<\/p>\n<p>Os n\u00fameros consideram as demonstra\u00e7\u00f5es cont\u00e1beis enviadas pelas operadoras de sa\u00fade \u00e0 Ag\u00eancia Nacional de Sa\u00fade Suplementar (ANS).<\/p>\n<p>No mesmo per\u00edodo, as receitas de contrapresta\u00e7\u00f5es (pagamento de uma import\u00e2ncia pelo contratante de plano de sa\u00fade a uma operadora para garantir a presta\u00e7\u00e3o continuada dos servi\u00e7os) alcan\u00e7aram R$ 138,7 bilh\u00f5es, com aumento de 13,7% na mesma base de compara\u00e7\u00e3o. O resultado operacional foi negativo em R$ 0,6 bilh\u00e3o.<\/p>\n<p>Segundo o boletim da FenaSa\u00fade, as despesas assistenciais do setor (pagas pelos procedimentos ambulatoriais e hospitalares, envolvendo consultas m\u00e9dicas, exames, terapias e interna\u00e7\u00f5es dos benefici\u00e1rios de planos e seguros de sa\u00fade) totalizaram R$ 114,4 bilh\u00f5es, com evolu\u00e7\u00e3o de 15,3% em 12 meses at\u00e9 junho de 2015, ante igual per\u00edodo encerrado em junho de 2014.<\/p>\n<p>Para a FenaSa\u00fade, o maior crescimento das despesas assistenciais elevou o \u00edndice de sinistralidade do mercado para 82,4%. O n\u00famero sobe para 84,1% se forem consideradas somente as operadoras do segmento m\u00e9dico-hospitalar do tipo medicina de grupo, cooperativas m\u00e9dicas, seguradoras especializadas em sa\u00fade e autogest\u00e3o, entre outros.<\/p>\n<p>J\u00e1 as provis\u00f5es t\u00e9cnicas, que constituem as garantias financeiras para os riscos das operadoras com benefici\u00e1rios de planos e prestadores de servi\u00e7os, atingiram, at\u00e9 junho deste ano, R$ 29 bilh\u00f5es, correspondendo a 20,9% das receitas do setor acumuladas em 12 meses. <\/p>\n<p>Alana Gandra &#8211; Rep\u00f3rter da Ag\u00eancia Brasil<br \/>\nEdi\u00e7\u00e3o: Armando Cardoso<\/p>\n","protected":false},"excerpt":{"rendered":"<p>Os gastos totais do setor de sa\u00fade suplementar somaram R$ 139,3 bilh\u00f5es nos 12 meses encerrados em junho deste ano. Os dados, divulgados pela Federa\u00e7\u00e3o Nacional de Sa\u00fade Suplementar (FenaSa\u00fade), s\u00e3o relativos ao mesmo per\u00edodo do ano passado. De acordo com a FenaSa\u00fade, houve expans\u00e3o de 14,7%. Os n\u00fameros consideram as demonstra\u00e7\u00f5es cont\u00e1beis enviadas pelas [&hellip;]<\/p>\n","protected":false},"author":2,"featured_media":57585,"comment_status":"open","ping_status":"closed","sticky":false,"template":"","format":"standard","meta":{"_genesis_hide_title":false,"_genesis_hide_breadcrumbs":false,"_genesis_hide_singular_image":false,"_genesis_hide_footer_widgets":false,"_genesis_custom_body_class":"","_genesis_custom_post_class":"","_genesis_layout":"","_jetpack_memberships_contains_paid_content":false,"footnotes":""},"categories":[22],"tags":[],"class_list":{"0":"post-74817","1":"post","2":"type-post","3":"status-publish","4":"format-standard","5":"has-post-thumbnail","7":"category-brasil","8":"entry","9":"gs-1","10":"gs-odd","11":"gs-even","12":"gs-featured-content-entry"},"jetpack_featured_media_url":"https:\/\/www.redenoticia.com.br\/noticia\/imagens\/analise-economia.jpg","jetpack_sharing_enabled":true,"jetpack_likes_enabled":true,"_links":{"self":[{"href":"https:\/\/www.redenoticia.com.br\/noticia\/wp-json\/wp\/v2\/posts\/74817","targetHints":{"allow":["GET"]}}],"collection":[{"href":"https:\/\/www.redenoticia.com.br\/noticia\/wp-json\/wp\/v2\/posts"}],"about":[{"href":"https:\/\/www.redenoticia.com.br\/noticia\/wp-json\/wp\/v2\/types\/post"}],"author":[{"embeddable":true,"href":"https:\/\/www.redenoticia.com.br\/noticia\/wp-json\/wp\/v2\/users\/2"}],"replies":[{"embeddable":true,"href":"https:\/\/www.redenoticia.com.br\/noticia\/wp-json\/wp\/v2\/comments?post=74817"}],"version-history":[{"count":0,"href":"https:\/\/www.redenoticia.com.br\/noticia\/wp-json\/wp\/v2\/posts\/74817\/revisions"}],"wp:featuredmedia":[{"embeddable":true,"href":"https:\/\/www.redenoticia.com.br\/noticia\/wp-json\/wp\/v2\/media\/57585"}],"wp:attachment":[{"href":"https:\/\/www.redenoticia.com.br\/noticia\/wp-json\/wp\/v2\/media?parent=74817"}],"wp:term":[{"taxonomy":"category","embeddable":true,"href":"https:\/\/www.redenoticia.com.br\/noticia\/wp-json\/wp\/v2\/categories?post=74817"},{"taxonomy":"post_tag","embeddable":true,"href":"https:\/\/www.redenoticia.com.br\/noticia\/wp-json\/wp\/v2\/tags?post=74817"}],"curies":[{"name":"wp","href":"https:\/\/api.w.org\/{rel}","templated":true}]}}