{"id":74815,"date":"2015-09-04T19:39:59","date_gmt":"2015-09-04T22:39:59","guid":{"rendered":"http:\/\/www.redenoticia.com.br\/noticia\/?p=74815"},"modified":"2015-09-04T19:39:59","modified_gmt":"2015-09-04T22:39:59","slug":"publicado-decreto-do-adiantamento-de-parte-do-13o-salario-a-aposentados","status":"publish","type":"post","link":"https:\/\/www.redenoticia.com.br\/noticia\/2015\/publicado-decreto-do-adiantamento-de-parte-do-13o-salario-a-aposentados\/74815","title":{"rendered":"Publicado decreto do adiantamento de parte do 13\u00ba sal\u00e1rio a aposentados"},"content":{"rendered":"<p> O Di\u00e1rio Oficial da Uni\u00e3o publicou o decreto que garante o adiantamento de parte do <strong><em>d\u00e9cimo terceiro sal\u00e1rio dos aposentados<\/em><\/strong> e pensionistas do Instituto Nacional do Seguro Social (INSS).<\/p>\n<p>De acordo com o decreto, a primeira parcela, de at\u00e9 50% do valor do benef\u00edcio relativo ao m\u00eas de setembro, ser\u00e1 paga juntamente com os benef\u00edcios correspondentes a este m\u00eas. A segunda parcela, correspondente \u00e0 diferen\u00e7a entre o valor total do abono anual e o valor da parcela antecipada, ser\u00e1 paga juntamente com os benef\u00edcios do m\u00eas de novembro.<\/p>\n<p>Anteriormente, a inten\u00e7\u00e3o do governo era fazer o adiantamento em duas parcelas, de 25% cada uma, pagas nos meses de setembro e outubro.<\/p>\n<p>Desde 2006, segundo o Sindicato Nacional dos Aposentados, Pensionistas e Idosos da For\u00e7a Sindical, a antecipa\u00e7\u00e3o era creditada em agosto.<\/p>\n<p>De acordo com calend\u00e1rio divulgado pelo Minist\u00e9rio da Previd\u00eancia, para os que ganham acima de um sal\u00e1rio m\u00ednimo, o pagamento come\u00e7a no dia 24 deste m\u00eas e vai at\u00e9 7 de outubro. Acima de um sal\u00e1rio m\u00ednimo, o pagamento come\u00e7a no dia 1\u00ba de outubro e termina no dia 7 do mesmo m\u00eas.<\/p>\n<p>O pagamento da segunda parcela do d\u00e9cimo terceiro ser\u00e1 feito a partir do dia 24 de novembro, para quem ganha at\u00e9 um sal\u00e1rio m\u00ednimo, e vai at\u00e9 7 de dezembro. Para quem ganha acima desse valor, o pagamento come\u00e7a no dia 1\u00ba de dezembro e vai at\u00e9 o dia 7.<\/p>\n<p>Daniel Lima &#8211; Rep\u00f3rter da Ag\u00eancia Brasil<br \/>\nEdi\u00e7\u00e3o: Gra\u00e7a Adjuto<\/p>\n","protected":false},"excerpt":{"rendered":"<p>O Di\u00e1rio Oficial da Uni\u00e3o publicou o decreto que garante o adiantamento de parte do d\u00e9cimo terceiro sal\u00e1rio dos aposentados e pensionistas do Instituto Nacional do Seguro Social (INSS). De acordo com o decreto, a primeira parcela, de at\u00e9 50% do valor do benef\u00edcio relativo ao m\u00eas de setembro, ser\u00e1 paga juntamente com os benef\u00edcios [&hellip;]<\/p>\n","protected":false},"author":2,"featured_media":24050,"comment_status":"open","ping_status":"closed","sticky":false,"template":"","format":"standard","meta":{"_genesis_hide_title":false,"_genesis_hide_breadcrumbs":false,"_genesis_hide_singular_image":false,"_genesis_hide_footer_widgets":false,"_genesis_custom_body_class":"","_genesis_custom_post_class":"","_genesis_layout":"","_jetpack_memberships_contains_paid_content":false,"footnotes":""},"categories":[22],"tags":[],"class_list":{"0":"post-74815","1":"post","2":"type-post","3":"status-publish","4":"format-standard","5":"has-post-thumbnail","7":"category-brasil","8":"entry","9":"gs-1","10":"gs-odd","11":"gs-even","12":"gs-featured-content-entry"},"jetpack_featured_media_url":"https:\/\/www.redenoticia.com.br\/noticia\/imagens\/inss-pagamento-aposentadoria-beneficio-aposentados.jpg","jetpack_sharing_enabled":true,"jetpack_likes_enabled":true,"_links":{"self":[{"href":"https:\/\/www.redenoticia.com.br\/noticia\/wp-json\/wp\/v2\/posts\/74815","targetHints":{"allow":["GET"]}}],"collection":[{"href":"https:\/\/www.redenoticia.com.br\/noticia\/wp-json\/wp\/v2\/posts"}],"about":[{"href":"https:\/\/www.redenoticia.com.br\/noticia\/wp-json\/wp\/v2\/types\/post"}],"author":[{"embeddable":true,"href":"https:\/\/www.redenoticia.com.br\/noticia\/wp-json\/wp\/v2\/users\/2"}],"replies":[{"embeddable":true,"href":"https:\/\/www.redenoticia.com.br\/noticia\/wp-json\/wp\/v2\/comments?post=74815"}],"version-history":[{"count":0,"href":"https:\/\/www.redenoticia.com.br\/noticia\/wp-json\/wp\/v2\/posts\/74815\/revisions"}],"wp:featuredmedia":[{"embeddable":true,"href":"https:\/\/www.redenoticia.com.br\/noticia\/wp-json\/wp\/v2\/media\/24050"}],"wp:attachment":[{"href":"https:\/\/www.redenoticia.com.br\/noticia\/wp-json\/wp\/v2\/media?parent=74815"}],"wp:term":[{"taxonomy":"category","embeddable":true,"href":"https:\/\/www.redenoticia.com.br\/noticia\/wp-json\/wp\/v2\/categories?post=74815"},{"taxonomy":"post_tag","embeddable":true,"href":"https:\/\/www.redenoticia.com.br\/noticia\/wp-json\/wp\/v2\/tags?post=74815"}],"curies":[{"name":"wp","href":"https:\/\/api.w.org\/{rel}","templated":true}]}}