{"id":74808,"date":"2015-09-04T19:23:04","date_gmt":"2015-09-04T22:23:04","guid":{"rendered":"http:\/\/www.redenoticia.com.br\/noticia\/?p=74808"},"modified":"2015-09-04T19:23:04","modified_gmt":"2015-09-04T22:23:04","slug":"festival-cultivar-em-sp-reconecta-pessoas-a-natureza","status":"publish","type":"post","link":"https:\/\/www.redenoticia.com.br\/noticia\/2015\/festival-cultivar-em-sp-reconecta-pessoas-a-natureza\/74808","title":{"rendered":"Festival Cultivar em SP reconecta pessoas \u00e0 natureza"},"content":{"rendered":"<p>Expedi\u00e7\u00f5es, exposi\u00e7\u00e3o, observa\u00e7\u00e3o de aves, oficinas, piquenique de troca de sementes, cinema e palestras com especialistas em meio ambiente fazem parte da programa\u00e7\u00e3o do <strong><em>Festival Cultivar<\/em><\/strong> que come\u00e7a neste s\u00e1bado (5) e segue at\u00e9 o dia 3 de outubro em parques urbanos de S\u00e3o Paulo.<\/p>\n<p>Realizado anualmente pelo Instituto \u00c1rvores Vivas por meio do programa de A\u00e7\u00e3o Cultural, do Governo do Estado de S\u00e3o Paulo, o evento tem por objetivo ligar as pessoas \u00e0 natureza.<\/p>\n<p>No Parque da \u00c1gua Branca, as oficinas verdes levam o conhecimento sobre as plantas medicinais, brinquedos ecol\u00f3gicos, produ\u00e7\u00e3o de terr\u00e1rios para crian\u00e7as e distribui\u00e7\u00e3o de mudas.<\/p>\n<p>No Horto Florestal, a atividade \u201cCrian\u00e7a e Natureza\u201d \u00e9 destinada a crian\u00e7as de escolas p\u00fablicas, grupos e institui\u00e7\u00f5es em geral. As inscri\u00e7\u00f5es para essa atividade j\u00e1 est\u00e3o encerradas.<\/p>\n<p>Acesse a\u00a0\u00a0da Secretaria de Estado do Meio Ambiente.<\/p>\n<p>Do Portal do Governo do Estado SP<br \/>\n&#8212;<\/p>\n<p>Um m\u00eas de viv\u00eancias para celebrar a natureza e as \u00e1rvores da cidade, de maneira alegre, rica em informa\u00e7\u00f5es e repleta de criatividade marcando a chegada de uma das esta\u00e7\u00f5es mais belas do ano \u2013 a PRIMAVERA!<\/p>\n<p>Uma agenda diversificada com express\u00f5es culturais que promovem a amplia\u00e7\u00e3o dos conhecimentos sobre as \u00e1rvores e natureza nos grandes centros urbanos, pois s\u00f3 vamos cuidar, preservar e multiplicar aquilo que conhecemos e amamos.<\/p>\n<p>O Festival sempre acontece com a proximidade da chegada da Primavera, em setembro quando tamb\u00e9m comemora-se o Dia da \u00c1rvore (dia 21).<\/p>\n<p> Escolas e grupos devem agendar a participa\u00e7\u00e3o por email festivalcultivar@gmail.com ou atrav\u00e9s do formul\u00e1rio no site do evento a partir de 15 de agosto.<\/p>\n<p>Algumas atividades com vagas restritas: participa\u00e7\u00e3o por ordem de chegada.<\/p>\n","protected":false},"excerpt":{"rendered":"<p>Expedi\u00e7\u00f5es, exposi\u00e7\u00e3o, observa\u00e7\u00e3o de aves, oficinas, piquenique de troca de sementes, cinema e palestras com especialistas em meio ambiente fazem parte da programa\u00e7\u00e3o do Festival Cultivar que come\u00e7a neste s\u00e1bado (5) e segue at\u00e9 o dia 3 de outubro em parques urbanos de S\u00e3o Paulo. Realizado anualmente pelo Instituto \u00c1rvores Vivas por meio do programa [&hellip;]<\/p>\n","protected":false},"author":2,"featured_media":57580,"comment_status":"open","ping_status":"closed","sticky":false,"template":"","format":"standard","meta":{"_genesis_hide_title":false,"_genesis_hide_breadcrumbs":false,"_genesis_hide_singular_image":false,"_genesis_hide_footer_widgets":false,"_genesis_custom_body_class":"","_genesis_custom_post_class":"","_genesis_layout":"","_jetpack_memberships_contains_paid_content":false,"footnotes":""},"categories":[22],"tags":[],"class_list":{"0":"post-74808","1":"post","2":"type-post","3":"status-publish","4":"format-standard","5":"has-post-thumbnail","7":"category-brasil","8":"entry","9":"gs-1","10":"gs-odd","11":"gs-even","12":"gs-featured-content-entry"},"jetpack_featured_media_url":"https:\/\/www.redenoticia.com.br\/noticia\/imagens\/meio-ambiente-safra-.jpg","jetpack_sharing_enabled":true,"jetpack_likes_enabled":true,"_links":{"self":[{"href":"https:\/\/www.redenoticia.com.br\/noticia\/wp-json\/wp\/v2\/posts\/74808","targetHints":{"allow":["GET"]}}],"collection":[{"href":"https:\/\/www.redenoticia.com.br\/noticia\/wp-json\/wp\/v2\/posts"}],"about":[{"href":"https:\/\/www.redenoticia.com.br\/noticia\/wp-json\/wp\/v2\/types\/post"}],"author":[{"embeddable":true,"href":"https:\/\/www.redenoticia.com.br\/noticia\/wp-json\/wp\/v2\/users\/2"}],"replies":[{"embeddable":true,"href":"https:\/\/www.redenoticia.com.br\/noticia\/wp-json\/wp\/v2\/comments?post=74808"}],"version-history":[{"count":0,"href":"https:\/\/www.redenoticia.com.br\/noticia\/wp-json\/wp\/v2\/posts\/74808\/revisions"}],"wp:featuredmedia":[{"embeddable":true,"href":"https:\/\/www.redenoticia.com.br\/noticia\/wp-json\/wp\/v2\/media\/57580"}],"wp:attachment":[{"href":"https:\/\/www.redenoticia.com.br\/noticia\/wp-json\/wp\/v2\/media?parent=74808"}],"wp:term":[{"taxonomy":"category","embeddable":true,"href":"https:\/\/www.redenoticia.com.br\/noticia\/wp-json\/wp\/v2\/categories?post=74808"},{"taxonomy":"post_tag","embeddable":true,"href":"https:\/\/www.redenoticia.com.br\/noticia\/wp-json\/wp\/v2\/tags?post=74808"}],"curies":[{"name":"wp","href":"https:\/\/api.w.org\/{rel}","templated":true}]}}