{"id":74777,"date":"2015-09-03T18:43:01","date_gmt":"2015-09-03T21:43:01","guid":{"rendered":"http:\/\/www.redenoticia.com.br\/noticia\/?p=74777"},"modified":"2015-09-03T18:43:01","modified_gmt":"2015-09-03T21:43:01","slug":"numero-de-pedidos-de-recuperacao-judicial-e-o-maior-em-nove-anos-diz-serasa","status":"publish","type":"post","link":"https:\/\/www.redenoticia.com.br\/noticia\/2015\/numero-de-pedidos-de-recuperacao-judicial-e-o-maior-em-nove-anos-diz-serasa\/74777","title":{"rendered":"N\u00famero de pedidos de recupera\u00e7\u00e3o judicial \u00e9 o maior em nove anos, diz Serasa"},"content":{"rendered":"<p> Os <strong><em>pedidos de recupera\u00e7\u00e3o judicial<\/em><\/strong> entre janeiro e agosto cresceram 41,6% em rela\u00e7\u00e3o ao mesmo per\u00edodo do ano passado, segundo a empresa de consultoria Serasa Experian. Nos oito primeiros meses de 2015, foram 766 pedidos \u2013 o maior n\u00famero verificado para o per\u00edodo desde 2006, quando a pesquisa foi criada.<\/p>\n<p>Para os economistas da Serasa Experian, o aprofundamento do quadro recessivo da economia ao longo do segundo trimestre deste ano, o enfraquecimento da atividade econ\u00f4mica, a alta do d\u00f3lar e a eleva\u00e7\u00e3o dos juros trazem problemas financeiros \u00e0s empresas e s\u00e3o respons\u00e1veis pelos \u00edndices apurados no estudo.<\/p>\n<p>As micro e pequenas empresas lideram os requerimentos, com 393 pedidos no per\u00edodo, seguidas pelas m\u00e9dias (228) e pelas empresas de grande porte (145). Na an\u00e1lise m\u00eas a m\u00eas, houve aumento de 3% em agosto, em rela\u00e7\u00e3o a julho, passando de 135 pra 139. Na compara\u00e7\u00e3o entre agosto deste ano e agosto de 2014, a alta foi 113,8%.<\/p>\n<p>Apenas em agosto, as micro e pequenas empresas entraram com 70 requerimentos de recupera\u00e7\u00e3o judicial, seguidas pelas m\u00e9dias, com 54 pedidos. As empresas de grande porte registraram queda nas solicita\u00e7\u00f5es: foram 40 pedidos em julho e 15 em agosto.<\/p>\n<p>Os dados da Serasa indicam que, nos primeiros oito meses do ano, foram feitos 1.156 pedidos de fal\u00eancia no pa\u00eds, aumento de 6,8% em rela\u00e7\u00e3o ao mesmo per\u00edodo de 2014. Do total de requerimentos de fal\u00eancia entre janeiro e agosto, 598 foram de micro e pequenas empresas, 267 de m\u00e9dias empresas e 291 pedidos de grandes empresas.<\/p>\n<p>Fernanda Cruz \u2013 Rep\u00f3rter da Ag\u00eancia Brasil<br \/>\nEdi\u00e7\u00e3o: Denise Griesinger<\/p>\n","protected":false},"excerpt":{"rendered":"<p>Os pedidos de recupera\u00e7\u00e3o judicial entre janeiro e agosto cresceram 41,6% em rela\u00e7\u00e3o ao mesmo per\u00edodo do ano passado, segundo a empresa de consultoria Serasa Experian. Nos oito primeiros meses de 2015, foram 766 pedidos \u2013 o maior n\u00famero verificado para o per\u00edodo desde 2006, quando a pesquisa foi criada. Para os economistas da Serasa [&hellip;]<\/p>\n","protected":false},"author":2,"featured_media":57583,"comment_status":"open","ping_status":"closed","sticky":false,"template":"","format":"standard","meta":{"_genesis_hide_title":false,"_genesis_hide_breadcrumbs":false,"_genesis_hide_singular_image":false,"_genesis_hide_footer_widgets":false,"_genesis_custom_body_class":"","_genesis_custom_post_class":"","_genesis_layout":"","_jetpack_memberships_contains_paid_content":false,"footnotes":""},"categories":[22,7],"tags":[],"class_list":{"0":"post-74777","1":"post","2":"type-post","3":"status-publish","4":"format-standard","5":"has-post-thumbnail","7":"category-brasil","8":"category-economia","9":"entry","10":"gs-1","11":"gs-odd","12":"gs-even","13":"gs-featured-content-entry"},"jetpack_featured_media_url":"https:\/\/www.redenoticia.com.br\/noticia\/imagens\/economia-grafico.jpg","jetpack_sharing_enabled":true,"jetpack_likes_enabled":true,"_links":{"self":[{"href":"https:\/\/www.redenoticia.com.br\/noticia\/wp-json\/wp\/v2\/posts\/74777","targetHints":{"allow":["GET"]}}],"collection":[{"href":"https:\/\/www.redenoticia.com.br\/noticia\/wp-json\/wp\/v2\/posts"}],"about":[{"href":"https:\/\/www.redenoticia.com.br\/noticia\/wp-json\/wp\/v2\/types\/post"}],"author":[{"embeddable":true,"href":"https:\/\/www.redenoticia.com.br\/noticia\/wp-json\/wp\/v2\/users\/2"}],"replies":[{"embeddable":true,"href":"https:\/\/www.redenoticia.com.br\/noticia\/wp-json\/wp\/v2\/comments?post=74777"}],"version-history":[{"count":0,"href":"https:\/\/www.redenoticia.com.br\/noticia\/wp-json\/wp\/v2\/posts\/74777\/revisions"}],"wp:featuredmedia":[{"embeddable":true,"href":"https:\/\/www.redenoticia.com.br\/noticia\/wp-json\/wp\/v2\/media\/57583"}],"wp:attachment":[{"href":"https:\/\/www.redenoticia.com.br\/noticia\/wp-json\/wp\/v2\/media?parent=74777"}],"wp:term":[{"taxonomy":"category","embeddable":true,"href":"https:\/\/www.redenoticia.com.br\/noticia\/wp-json\/wp\/v2\/categories?post=74777"},{"taxonomy":"post_tag","embeddable":true,"href":"https:\/\/www.redenoticia.com.br\/noticia\/wp-json\/wp\/v2\/tags?post=74777"}],"curies":[{"name":"wp","href":"https:\/\/api.w.org\/{rel}","templated":true}]}}