{"id":74775,"date":"2015-09-03T18:40:11","date_gmt":"2015-09-03T21:40:11","guid":{"rendered":"http:\/\/www.redenoticia.com.br\/noticia\/?p=74775"},"modified":"2015-09-03T18:40:11","modified_gmt":"2015-09-03T21:40:11","slug":"inflacao-em-sao-paulo-atingiu-879-em-um-ano-mas-perde-forca-em-agosto","status":"publish","type":"post","link":"https:\/\/www.redenoticia.com.br\/noticia\/2015\/inflacao-em-sao-paulo-atingiu-879-em-um-ano-mas-perde-forca-em-agosto\/74775","title":{"rendered":"Infla\u00e7\u00e3o em S\u00e3o Paulo atingiu 8,79% em um ano, mas perde for\u00e7a em agosto"},"content":{"rendered":"<p> O <strong><em>\u00cdndice de Pre\u00e7os ao Consumidor<\/em><\/strong> (IPC), medido pela Funda\u00e7\u00e3o Instituto de Pesquisas Econ\u00f4micas (Fipe), na cidade de S\u00e3o Paulo, acumula aumento de 7,35%, desde janeiro deste ano e, nos \u00faltimos 12 meses, de 8,79%.<\/p>\n<p>O m\u00eas de agosto fechou com alta de 0,56%, a segunda menor varia\u00e7\u00e3o do ano e bem abaixo do resultado de julho, quando os pre\u00e7os subiram em m\u00e9dia 0,85%.<\/p>\n<p>A varia\u00e7\u00e3o mais baixa do ano at\u00e9 agora \u00e9 relativa ao m\u00eas de junho, m\u00eas em que a taxa ficou em 0,47%.<\/p>\n<p>Em agosto, a infla\u00e7\u00e3o perdeu for\u00e7a em quatro dos sete grupos pesquisados com destaque para o de alimenta\u00e7\u00e3o que passou de uma alta de 0,77% para uma queda de 0,52%. Em transportes, o \u00edndice subiu com menos intensidade, de 0,17% para 0,05%. O mesmo ocorreu em rela\u00e7\u00e3o ao grupo sa\u00fade, de l,67% para 1,1% e, em educa\u00e7\u00e3o, de 0,14% para 0,11%.<\/p>\n<p>Nas demais classes de despesas foram verificados avan\u00e7os: a maior eleva\u00e7\u00e3o ocorreu em habita\u00e7\u00e3o, que passou de 1,33% para 1,51%. Neste grupo, houve influ\u00eancia, principalmente, da tarifa de energia el\u00e9trica com oscila\u00e7\u00e3o no m\u00eas de 9,76%. Em despesas pessoais, o \u00edndice aumentou de 0,92% para 0,95% e, em vestu\u00e1rio, a varia\u00e7\u00e3o atingiu alta de 0,26%. No m\u00eas anterior, a varia\u00e7\u00e3o de vestu\u00e1rio foi negativa (-0,18%).<\/p>\n<p>Marli Moreira &#8211; Rep\u00f3rter da Ag\u00eancia Brasil<br \/>\nEdi\u00e7\u00e3o: Jos\u00e9 Romildo<\/p>\n","protected":false},"excerpt":{"rendered":"<p>O \u00cdndice de Pre\u00e7os ao Consumidor (IPC), medido pela Funda\u00e7\u00e3o Instituto de Pesquisas Econ\u00f4micas (Fipe), na cidade de S\u00e3o Paulo, acumula aumento de 7,35%, desde janeiro deste ano e, nos \u00faltimos 12 meses, de 8,79%. O m\u00eas de agosto fechou com alta de 0,56%, a segunda menor varia\u00e7\u00e3o do ano e bem abaixo do resultado [&hellip;]<\/p>\n","protected":false},"author":2,"featured_media":57584,"comment_status":"open","ping_status":"closed","sticky":false,"template":"","format":"standard","meta":{"_genesis_hide_title":false,"_genesis_hide_breadcrumbs":false,"_genesis_hide_singular_image":false,"_genesis_hide_footer_widgets":false,"_genesis_custom_body_class":"","_genesis_custom_post_class":"","_genesis_layout":"","_jetpack_memberships_contains_paid_content":false,"footnotes":""},"categories":[22,7],"tags":[],"class_list":{"0":"post-74775","1":"post","2":"type-post","3":"status-publish","4":"format-standard","5":"has-post-thumbnail","7":"category-brasil","8":"category-economia","9":"entry","10":"gs-1","11":"gs-odd","12":"gs-even","13":"gs-featured-content-entry"},"jetpack_featured_media_url":"https:\/\/www.redenoticia.com.br\/noticia\/imagens\/economia-grafica-analise-inflacao.jpg","jetpack_sharing_enabled":true,"jetpack_likes_enabled":true,"_links":{"self":[{"href":"https:\/\/www.redenoticia.com.br\/noticia\/wp-json\/wp\/v2\/posts\/74775","targetHints":{"allow":["GET"]}}],"collection":[{"href":"https:\/\/www.redenoticia.com.br\/noticia\/wp-json\/wp\/v2\/posts"}],"about":[{"href":"https:\/\/www.redenoticia.com.br\/noticia\/wp-json\/wp\/v2\/types\/post"}],"author":[{"embeddable":true,"href":"https:\/\/www.redenoticia.com.br\/noticia\/wp-json\/wp\/v2\/users\/2"}],"replies":[{"embeddable":true,"href":"https:\/\/www.redenoticia.com.br\/noticia\/wp-json\/wp\/v2\/comments?post=74775"}],"version-history":[{"count":0,"href":"https:\/\/www.redenoticia.com.br\/noticia\/wp-json\/wp\/v2\/posts\/74775\/revisions"}],"wp:featuredmedia":[{"embeddable":true,"href":"https:\/\/www.redenoticia.com.br\/noticia\/wp-json\/wp\/v2\/media\/57584"}],"wp:attachment":[{"href":"https:\/\/www.redenoticia.com.br\/noticia\/wp-json\/wp\/v2\/media?parent=74775"}],"wp:term":[{"taxonomy":"category","embeddable":true,"href":"https:\/\/www.redenoticia.com.br\/noticia\/wp-json\/wp\/v2\/categories?post=74775"},{"taxonomy":"post_tag","embeddable":true,"href":"https:\/\/www.redenoticia.com.br\/noticia\/wp-json\/wp\/v2\/tags?post=74775"}],"curies":[{"name":"wp","href":"https:\/\/api.w.org\/{rel}","templated":true}]}}