{"id":74773,"date":"2015-09-03T18:37:31","date_gmt":"2015-09-03T21:37:31","guid":{"rendered":"http:\/\/www.redenoticia.com.br\/noticia\/?p=74773"},"modified":"2015-09-03T18:37:31","modified_gmt":"2015-09-03T21:37:31","slug":"prevencao-da-dengue-em-sao-paulo","status":"publish","type":"post","link":"https:\/\/www.redenoticia.com.br\/noticia\/2015\/prevencao-da-dengue-em-sao-paulo\/74773","title":{"rendered":"Preven\u00e7\u00e3o da dengue em S\u00e3o Paulo"},"content":{"rendered":"<p> O secret\u00e1rio de Sa\u00fade de S\u00e3o Paulo, David Uip, anunciou a contrata\u00e7\u00e3o de mais 500 agentes de controle de endemias para auxiliar no trabalho de preven\u00e7\u00e3o \u00e0 <strong><em>dengue<\/em><\/strong>. O contrato ser\u00e1 firmado pela Superintend\u00eancia de Controle de Endemias (Sucen) e ter\u00e1 validade de tr\u00eas meses, per\u00edodo considerado estrat\u00e9gico para a ado\u00e7\u00e3o de medidas preventivas para o pr\u00f3ximo ver\u00e3o.<\/p>\n<p>Os profissionais contratados v\u00e3o trabalhar no bloqueio de casos e na elimina\u00e7\u00e3o de criadouros do mosquito Aedes aegypti, transmissor da dengue.<\/p>\n<p>Os recursos ser\u00e3o de R$ 6 milh\u00f5es, o que, somado ao que j\u00e1 se investiu este ano, chega a R$12 milh\u00f5es. O efetivo de agentes ser\u00e1 de mil pessoas em campo. Tamb\u00e9m foram comprados 150 atomizadores costais para aplica\u00e7\u00e3o de inseticidas, nove atomizadores acoplados em viaturas e 450 kits de equipamentos de prote\u00e7\u00e3o para os funcion\u00e1rios.<\/p>\n<p>As informa\u00e7\u00f5es foram divulgadas durante um encontro estadual para o qual foram convocados prefeitos e secret\u00e1rios de sa\u00fade dos 645 munic\u00edpios paulistas. O objetivo foi alinhar todas os munic\u00edpios e estabelecer estrat\u00e9gias conjuntas para o combate ao mosquito.<\/p>\n<p>Segundo dados divulgados pela Secretaria, at\u00e9 agora, os 10 munic\u00edpios paulistas com maior n\u00famero de casos de dengue confirmados s\u00e3o: Campinas (61.483); Sorocaba (50.316); S\u00e3o Paulo (39.841); Guarulhos (20.147); S\u00e3o Jos\u00e9 do Rio Preto (16.824); Sumar\u00e9 (14.459); S\u00e3o Jos\u00e9 dos Campos (14.290); Rio Claro (13.730); Limeira (11.285) e Catanduva (10.458). As dez cidades concentram 43% dos 589.192 casos confirmados no estado.<\/p>\n<p>O secret\u00e1rio David Uip disse que o encontro foi convocado para antecipar o que o estado e os munic\u00edpios dever\u00e3o fazer nos pr\u00f3ximos meses. Ele destacou a necessidade de toda a sociedade se envolver no trabalho. &#8220;Este \u00e9 um embate muito dif\u00edcil, porque a dengue veio para ficar, e o v\u00edrus n\u00e3o tem tratamento espec\u00edfico nem vacina dispon\u00edvel. Por isso, muito do que \u00e9 feito depende da participa\u00e7\u00e3o da sociedade. Estamos nos preparando para o que vier e iniciando isso pelo menos dois meses antes do que no ano passado\u201d, afirmou o secret\u00e1rio.<\/p>\n<p>Uip ressaltou que o Instituto Butantan j\u00e1 encerrou a segunda fase de testes e submeteu os resultados ao Minist\u00e9rio da Sa\u00fade e aos \u00f3rg\u00e3os de \u00e9tica do governo federal. \u201cEsperamos que ela seja aprovada at\u00e9 o final de outubro para iniciarmos a fase 3, que engloba 20 mil volunt\u00e1rios no Brasil inteiro\u201d. A estimativa \u00e9 que a vacina s\u00f3 esteja dispon\u00edvel em 2017.<\/p>\n<p>Fl\u00e1via Albuquerque \u2013 Rep\u00f3rter da Ag\u00eancia Brasil<br \/>\nEdi\u00e7\u00e3o: N\u00e1dia Franco<\/p>\n","protected":false},"excerpt":{"rendered":"<p>O secret\u00e1rio de Sa\u00fade de S\u00e3o Paulo, David Uip, anunciou a contrata\u00e7\u00e3o de mais 500 agentes de controle de endemias para auxiliar no trabalho de preven\u00e7\u00e3o \u00e0 dengue. O contrato ser\u00e1 firmado pela Superintend\u00eancia de Controle de Endemias (Sucen) e ter\u00e1 validade de tr\u00eas meses, per\u00edodo considerado estrat\u00e9gico para a ado\u00e7\u00e3o de medidas preventivas para [&hellip;]<\/p>\n","protected":false},"author":2,"featured_media":40847,"comment_status":"open","ping_status":"closed","sticky":false,"template":"","format":"standard","meta":{"_genesis_hide_title":false,"_genesis_hide_breadcrumbs":false,"_genesis_hide_singular_image":false,"_genesis_hide_footer_widgets":false,"_genesis_custom_body_class":"","_genesis_custom_post_class":"","_genesis_layout":"","_jetpack_memberships_contains_paid_content":false,"footnotes":""},"categories":[22],"tags":[],"class_list":{"0":"post-74773","1":"post","2":"type-post","3":"status-publish","4":"format-standard","5":"has-post-thumbnail","7":"category-brasil","8":"entry","9":"gs-1","10":"gs-odd","11":"gs-even","12":"gs-featured-content-entry"},"jetpack_featured_media_url":"https:\/\/www.redenoticia.com.br\/noticia\/imagens\/dengue-combate.jpg","jetpack_sharing_enabled":true,"jetpack_likes_enabled":true,"_links":{"self":[{"href":"https:\/\/www.redenoticia.com.br\/noticia\/wp-json\/wp\/v2\/posts\/74773","targetHints":{"allow":["GET"]}}],"collection":[{"href":"https:\/\/www.redenoticia.com.br\/noticia\/wp-json\/wp\/v2\/posts"}],"about":[{"href":"https:\/\/www.redenoticia.com.br\/noticia\/wp-json\/wp\/v2\/types\/post"}],"author":[{"embeddable":true,"href":"https:\/\/www.redenoticia.com.br\/noticia\/wp-json\/wp\/v2\/users\/2"}],"replies":[{"embeddable":true,"href":"https:\/\/www.redenoticia.com.br\/noticia\/wp-json\/wp\/v2\/comments?post=74773"}],"version-history":[{"count":0,"href":"https:\/\/www.redenoticia.com.br\/noticia\/wp-json\/wp\/v2\/posts\/74773\/revisions"}],"wp:featuredmedia":[{"embeddable":true,"href":"https:\/\/www.redenoticia.com.br\/noticia\/wp-json\/wp\/v2\/media\/40847"}],"wp:attachment":[{"href":"https:\/\/www.redenoticia.com.br\/noticia\/wp-json\/wp\/v2\/media?parent=74773"}],"wp:term":[{"taxonomy":"category","embeddable":true,"href":"https:\/\/www.redenoticia.com.br\/noticia\/wp-json\/wp\/v2\/categories?post=74773"},{"taxonomy":"post_tag","embeddable":true,"href":"https:\/\/www.redenoticia.com.br\/noticia\/wp-json\/wp\/v2\/tags?post=74773"}],"curies":[{"name":"wp","href":"https:\/\/api.w.org\/{rel}","templated":true}]}}