{"id":74769,"date":"2015-09-03T18:30:19","date_gmt":"2015-09-03T21:30:19","guid":{"rendered":"http:\/\/www.redenoticia.com.br\/noticia\/?p=74769"},"modified":"2015-09-03T18:30:19","modified_gmt":"2015-09-03T21:30:19","slug":"curso-de-formacao-para-diretores-de-escolas","status":"publish","type":"post","link":"https:\/\/www.redenoticia.com.br\/noticia\/2015\/curso-de-formacao-para-diretores-de-escolas\/74769","title":{"rendered":"Curso de forma\u00e7\u00e3o para diretores de escolas"},"content":{"rendered":"<p> O ministro da Educa\u00e7\u00e3o, Renato Janine Ribeiro, disse que em breve ser\u00e1 lan\u00e7ado um programa de <strong><em>forma\u00e7\u00e3o para diretores de escolas<\/em><\/strong>. Sobre os temas a serem tratados na capacita\u00e7\u00e3o, o ministro destacou que o importante \u00e9 ter uma forma\u00e7\u00e3o em que o diretor da escola seja habilitado a lidar com dados num\u00e9ricos e estat\u00edsticos que, segundo ele, s\u00e3o um &#8220;grande diagn\u00f3stico&#8221; dos pontos fortes e fracos de cada escola.<\/p>\n<p> Al\u00e9m de aprender a lidar com as bases de dados fornecidas por \u00f3rg\u00e3os do pr\u00f3prio Minist\u00e9rio da Educa\u00e7\u00e3o, os diretores ser\u00e3o informados sobre as ferramentas dispon\u00edveis para solucionar as dificuldades. \u201cE que ele receba tamb\u00e9m uma forma\u00e7\u00e3o para saber quais as solu\u00e7\u00f5es que ele tem ao alcance para isso, tanto pedag\u00f3gicas, quanto do ponto de vista de programas federais e outros que ajudem a escola\u201d, disse Janine.<\/p>\n<p>Outros pontos que devem ser abordados s\u00e3o a forma\u00e7\u00e3o de equipe e a administra\u00e7\u00e3o de conflitos. \u201cFora isso, que ele [o diretor] seja capaz de administrar conflitos, que s\u00e3o parte integral da forma\u00e7\u00e3o de qualquer pessoa que est\u00e1 se passando de crian\u00e7a a adolescente e de adolescente a adulto. Que seja capaz tamb\u00e9m de formar equipes de professores que trabalhem de forma empenhada.&#8221;<\/p>\n<p>Na primeira etapa do programa, Janine estima que ser\u00e1 poss\u00edvel atingir \u201calgumas dezenas de milhares\u201d de diretores, por meio de um curso ministrado prioritariamente pela internet. \u201cNeste ano, como no ano que vem, todos sabem, os recursos econ\u00f4micos ser\u00e3o muito limitados. Ent\u00e3o, n\u00e3o temos condi\u00e7\u00f5es de pensar em grande escala. Estamos pensando em fazer um curso barato, para justamente mostrar que voc\u00ea pode conquistar ganhos de qualidade com o uso criterioso do dinheiro\u201d, afirmou o ministro, sobre a op\u00e7\u00e3o da forma\u00e7\u00e3o online.<\/p>\n<p>A prioridade ser\u00e1 dada aos gestores de escolas com grande n\u00famero de alunos. Por\u00e9m, a proposta est\u00e1 aberta a contribui\u00e7\u00f5es da sociedade. \u201cEstamos adotando a seguinte estrat\u00e9gia: quando temos algo que come\u00e7a a ser refletido, queremos partilhar isso, informar, mesmo sem ter o formato do edital. N\u00e3o queremos nos comunicar com a sociedade s\u00f3 quando o edital estiver pronto\u201d, acrescentou.<\/p>\n<p>Daniel Mello &#8211; Rep\u00f3rter da Ag\u00eancia Brasil<br \/>\nEdi\u00e7\u00e3o: Maria Claudia<\/p>\n","protected":false},"excerpt":{"rendered":"<p>O ministro da Educa\u00e7\u00e3o, Renato Janine Ribeiro, disse que em breve ser\u00e1 lan\u00e7ado um programa de forma\u00e7\u00e3o para diretores de escolas. Sobre os temas a serem tratados na capacita\u00e7\u00e3o, o ministro destacou que o importante \u00e9 ter uma forma\u00e7\u00e3o em que o diretor da escola seja habilitado a lidar com dados num\u00e9ricos e estat\u00edsticos que, [&hellip;]<\/p>\n","protected":false},"author":2,"featured_media":36246,"comment_status":"open","ping_status":"closed","sticky":false,"template":"","format":"standard","meta":{"_genesis_hide_title":false,"_genesis_hide_breadcrumbs":false,"_genesis_hide_singular_image":false,"_genesis_hide_footer_widgets":false,"_genesis_custom_body_class":"","_genesis_custom_post_class":"","_genesis_layout":"","_jetpack_memberships_contains_paid_content":false,"footnotes":""},"categories":[22],"tags":[],"class_list":{"0":"post-74769","1":"post","2":"type-post","3":"status-publish","4":"format-standard","5":"has-post-thumbnail","7":"category-brasil","8":"entry","9":"gs-1","10":"gs-odd","11":"gs-even","12":"gs-featured-content-entry"},"jetpack_featured_media_url":"https:\/\/www.redenoticia.com.br\/noticia\/imagens\/professor-a.jpg","jetpack_sharing_enabled":true,"jetpack_likes_enabled":true,"_links":{"self":[{"href":"https:\/\/www.redenoticia.com.br\/noticia\/wp-json\/wp\/v2\/posts\/74769","targetHints":{"allow":["GET"]}}],"collection":[{"href":"https:\/\/www.redenoticia.com.br\/noticia\/wp-json\/wp\/v2\/posts"}],"about":[{"href":"https:\/\/www.redenoticia.com.br\/noticia\/wp-json\/wp\/v2\/types\/post"}],"author":[{"embeddable":true,"href":"https:\/\/www.redenoticia.com.br\/noticia\/wp-json\/wp\/v2\/users\/2"}],"replies":[{"embeddable":true,"href":"https:\/\/www.redenoticia.com.br\/noticia\/wp-json\/wp\/v2\/comments?post=74769"}],"version-history":[{"count":0,"href":"https:\/\/www.redenoticia.com.br\/noticia\/wp-json\/wp\/v2\/posts\/74769\/revisions"}],"wp:featuredmedia":[{"embeddable":true,"href":"https:\/\/www.redenoticia.com.br\/noticia\/wp-json\/wp\/v2\/media\/36246"}],"wp:attachment":[{"href":"https:\/\/www.redenoticia.com.br\/noticia\/wp-json\/wp\/v2\/media?parent=74769"}],"wp:term":[{"taxonomy":"category","embeddable":true,"href":"https:\/\/www.redenoticia.com.br\/noticia\/wp-json\/wp\/v2\/categories?post=74769"},{"taxonomy":"post_tag","embeddable":true,"href":"https:\/\/www.redenoticia.com.br\/noticia\/wp-json\/wp\/v2\/tags?post=74769"}],"curies":[{"name":"wp","href":"https:\/\/api.w.org\/{rel}","templated":true}]}}