{"id":74767,"date":"2015-09-03T18:25:29","date_gmt":"2015-09-03T21:25:29","guid":{"rendered":"http:\/\/www.redenoticia.com.br\/noticia\/?p=74767"},"modified":"2015-09-03T18:25:29","modified_gmt":"2015-09-03T21:25:29","slug":"prorrogada-vacinacao-contra-paralisia-infantil-em-sp","status":"publish","type":"post","link":"https:\/\/www.redenoticia.com.br\/noticia\/2015\/prorrogada-vacinacao-contra-paralisia-infantil-em-sp\/74767","title":{"rendered":"Prorrogada vacina\u00e7\u00e3o contra paralisia infantil em SP"},"content":{"rendered":"<p> A campanha de <strong><em>vacina\u00e7\u00e3o<\/em><\/strong> contra paralisia infantil foi prorrogada em todo o Estado de S\u00e3o Paulo at\u00e9 a pr\u00f3xima quarta-feira, dia 9. Pais de crian\u00e7as entre seis meses e cinco anos incompletos ainda podem levar seus filhos para receber as duas gotas da vacina Sabin em uma das 4,3 mil salas de vacina dispon\u00edveis em todas as regi\u00f5es paulistas.<\/p>\n<p>At\u00e9 o momento, 1,8 milh\u00e3o de doses foram aplicadas. A meta \u00e9 vacinar 2,3 milh\u00f5es de crian\u00e7as, o que representa 95% do p\u00fablico-alvo (veja dados regionais ).<\/p>\n<p>H\u00e1 27 anos, S\u00e3o Paulo n\u00e3o registra nenhum caso de poliomielite. No entanto, o poliov\u00edrus selvagem ainda circula nos continentes africano e asi\u00e1tico, principalmente no Afeganist\u00e3o e no Paquist\u00e3o. At\u00e9 julho deste ano, 34 casos de paralisia infantil foram registrados nesses dois pa\u00edses.<\/p>\n<p>Do Portal do Governo do Estado SP<br \/>\n&#8212;<\/p>\n<p>Em 1950, William Hammon da Universidade de Pittsburgh purificou uma gamaglobulina do plasma sangu\u00edneo de sobreviventes da p\u00f3lio. Hammon prop\u00f4s que a gamaglobulina, que servia como anticorpo contra o poliov\u00edrus, fosse usada para deter a infec\u00e7\u00e3o por poliov\u00edrus, prevenir a doen\u00e7a e reduzir a sua gravidade em outros pacientes que tinham contra\u00eddo p\u00f3lio. Os resultados de um grande ensaio cl\u00ednico foram promissores; a gamaglobulina mostrou-se 80% efetiva em prevenir o desenvolvimento da poliomielite paral\u00edtica. Tamb\u00e9m foi demonstrado que reduzia a gravidade da doen\u00e7a em pacientes que desenvolveram p\u00f3lio. Por\u00e9m, a estrat\u00e9gia da gamaglobulina foi demonstrada impratic\u00e1vel para uso em grande escala devido, em grande parte, ao suprimento limitado de plasma sangu\u00edneo. Assim, a comunidade m\u00e9dica focalizou-se no desenvolvimento de uma vacina contra a p\u00f3lio. <\/p>\n","protected":false},"excerpt":{"rendered":"<p>A campanha de vacina\u00e7\u00e3o contra paralisia infantil foi prorrogada em todo o Estado de S\u00e3o Paulo at\u00e9 a pr\u00f3xima quarta-feira, dia 9. Pais de crian\u00e7as entre seis meses e cinco anos incompletos ainda podem levar seus filhos para receber as duas gotas da vacina Sabin em uma das 4,3 mil salas de vacina dispon\u00edveis em [&hellip;]<\/p>\n","protected":false},"author":2,"featured_media":36129,"comment_status":"open","ping_status":"closed","sticky":false,"template":"","format":"standard","meta":{"_genesis_hide_title":false,"_genesis_hide_breadcrumbs":false,"_genesis_hide_singular_image":false,"_genesis_hide_footer_widgets":false,"_genesis_custom_body_class":"","_genesis_custom_post_class":"","_genesis_layout":"","_jetpack_memberships_contains_paid_content":false,"footnotes":""},"categories":[22],"tags":[],"class_list":{"0":"post-74767","1":"post","2":"type-post","3":"status-publish","4":"format-standard","5":"has-post-thumbnail","7":"category-brasil","8":"entry","9":"gs-1","10":"gs-odd","11":"gs-even","12":"gs-featured-content-entry"},"jetpack_featured_media_url":"https:\/\/www.redenoticia.com.br\/noticia\/imagens\/vacina-paralisia-infantil-ze-gotinha-2.jpg","jetpack_sharing_enabled":true,"jetpack_likes_enabled":true,"_links":{"self":[{"href":"https:\/\/www.redenoticia.com.br\/noticia\/wp-json\/wp\/v2\/posts\/74767","targetHints":{"allow":["GET"]}}],"collection":[{"href":"https:\/\/www.redenoticia.com.br\/noticia\/wp-json\/wp\/v2\/posts"}],"about":[{"href":"https:\/\/www.redenoticia.com.br\/noticia\/wp-json\/wp\/v2\/types\/post"}],"author":[{"embeddable":true,"href":"https:\/\/www.redenoticia.com.br\/noticia\/wp-json\/wp\/v2\/users\/2"}],"replies":[{"embeddable":true,"href":"https:\/\/www.redenoticia.com.br\/noticia\/wp-json\/wp\/v2\/comments?post=74767"}],"version-history":[{"count":0,"href":"https:\/\/www.redenoticia.com.br\/noticia\/wp-json\/wp\/v2\/posts\/74767\/revisions"}],"wp:featuredmedia":[{"embeddable":true,"href":"https:\/\/www.redenoticia.com.br\/noticia\/wp-json\/wp\/v2\/media\/36129"}],"wp:attachment":[{"href":"https:\/\/www.redenoticia.com.br\/noticia\/wp-json\/wp\/v2\/media?parent=74767"}],"wp:term":[{"taxonomy":"category","embeddable":true,"href":"https:\/\/www.redenoticia.com.br\/noticia\/wp-json\/wp\/v2\/categories?post=74767"},{"taxonomy":"post_tag","embeddable":true,"href":"https:\/\/www.redenoticia.com.br\/noticia\/wp-json\/wp\/v2\/tags?post=74767"}],"curies":[{"name":"wp","href":"https:\/\/api.w.org\/{rel}","templated":true}]}}