{"id":74765,"date":"2015-09-03T18:21:18","date_gmt":"2015-09-03T21:21:18","guid":{"rendered":"http:\/\/www.redenoticia.com.br\/noticia\/?p=74765"},"modified":"2015-09-03T18:21:18","modified_gmt":"2015-09-03T21:21:18","slug":"frota-de-carros-aumentou-e-emissoes-veiculares-diminuiram-em-sao-paulo","status":"publish","type":"post","link":"https:\/\/www.redenoticia.com.br\/noticia\/2015\/frota-de-carros-aumentou-e-emissoes-veiculares-diminuiram-em-sao-paulo\/74765","title":{"rendered":"Frota de carros aumentou e emiss\u00f5es veiculares diminu\u00edram em S\u00e3o Paulo"},"content":{"rendered":"<p> As emiss\u00f5es de poluentes veiculares no estado de S\u00e3o Paulo est\u00e3o diminuindo ao longo dos anos, embora em ritmo lento, isso \u00e9 o que indica o novo  produzido e disponibilizado pela Companhia de Tecnologia de Saneamento Ambiental (Cetesb). O documento mostra que os programas de controle atuais t\u00eam gerado impacto positivo, principalmente quando leva em considera\u00e7\u00e3o que no mesmo per\u00edodo a frota aumentou sistematicamente.<\/p>\n<p>Para tornar a informa\u00e7\u00e3o mais detalhada e transparente, os dados gerados em diversos programas foram utilizados, atualizados e apresentados dentro da publica\u00e7\u00e3o deste ano. No relat\u00f3rio tamb\u00e9m \u00e9 poss\u00edvel ver os indicadores e acompanhar a evolu\u00e7\u00e3o dos programas atuais e a situa\u00e7\u00e3o da frota circulante entre os anos de 2006 e 2014.<\/p>\n<p>Esta edi\u00e7\u00e3o traz a estimativa da emiss\u00e3o de gases de efeito estufa (GEE) provenientes dos ve\u00edculos automotores, que totalizou 39 milh\u00f5es de toneladas, com uma pequena diminui\u00e7\u00e3o em rela\u00e7\u00e3o a 2013.<\/p>\n<p>O relat\u00f3rio aponta que a redu\u00e7\u00e3o dos poluentes veiculares ocorreu devido \u00e0 queda no consumo de diesel e do aumento do uso do etanol, em substitui\u00e7\u00e3o \u00e0 gasolina.<\/p>\n<p>Do Portal do Governo do Estado SP<\/p>\n","protected":false},"excerpt":{"rendered":"<p>As emiss\u00f5es de poluentes veiculares no estado de S\u00e3o Paulo est\u00e3o diminuindo ao longo dos anos, embora em ritmo lento, isso \u00e9 o que indica o novo produzido e disponibilizado pela Companhia de Tecnologia de Saneamento Ambiental (Cetesb). O documento mostra que os programas de controle atuais t\u00eam gerado impacto positivo, principalmente quando leva em [&hellip;]<\/p>\n","protected":false},"author":2,"featured_media":35207,"comment_status":"open","ping_status":"closed","sticky":false,"template":"","format":"standard","meta":{"_genesis_hide_title":false,"_genesis_hide_breadcrumbs":false,"_genesis_hide_singular_image":false,"_genesis_hide_footer_widgets":false,"_genesis_custom_body_class":"","_genesis_custom_post_class":"","_genesis_layout":"","_jetpack_memberships_contains_paid_content":false,"footnotes":""},"categories":[22],"tags":[],"class_list":{"0":"post-74765","1":"post","2":"type-post","3":"status-publish","4":"format-standard","5":"has-post-thumbnail","7":"category-brasil","8":"entry","9":"gs-1","10":"gs-odd","11":"gs-even","12":"gs-featured-content-entry"},"jetpack_featured_media_url":"https:\/\/www.redenoticia.com.br\/noticia\/imagens\/transito-estradas.jpg","jetpack_sharing_enabled":true,"jetpack_likes_enabled":true,"_links":{"self":[{"href":"https:\/\/www.redenoticia.com.br\/noticia\/wp-json\/wp\/v2\/posts\/74765","targetHints":{"allow":["GET"]}}],"collection":[{"href":"https:\/\/www.redenoticia.com.br\/noticia\/wp-json\/wp\/v2\/posts"}],"about":[{"href":"https:\/\/www.redenoticia.com.br\/noticia\/wp-json\/wp\/v2\/types\/post"}],"author":[{"embeddable":true,"href":"https:\/\/www.redenoticia.com.br\/noticia\/wp-json\/wp\/v2\/users\/2"}],"replies":[{"embeddable":true,"href":"https:\/\/www.redenoticia.com.br\/noticia\/wp-json\/wp\/v2\/comments?post=74765"}],"version-history":[{"count":0,"href":"https:\/\/www.redenoticia.com.br\/noticia\/wp-json\/wp\/v2\/posts\/74765\/revisions"}],"wp:featuredmedia":[{"embeddable":true,"href":"https:\/\/www.redenoticia.com.br\/noticia\/wp-json\/wp\/v2\/media\/35207"}],"wp:attachment":[{"href":"https:\/\/www.redenoticia.com.br\/noticia\/wp-json\/wp\/v2\/media?parent=74765"}],"wp:term":[{"taxonomy":"category","embeddable":true,"href":"https:\/\/www.redenoticia.com.br\/noticia\/wp-json\/wp\/v2\/categories?post=74765"},{"taxonomy":"post_tag","embeddable":true,"href":"https:\/\/www.redenoticia.com.br\/noticia\/wp-json\/wp\/v2\/tags?post=74765"}],"curies":[{"name":"wp","href":"https:\/\/api.w.org\/{rel}","templated":true}]}}