{"id":74724,"date":"2015-09-02T15:36:33","date_gmt":"2015-09-02T18:36:33","guid":{"rendered":"http:\/\/www.redenoticia.com.br\/noticia\/?p=74724"},"modified":"2015-09-02T15:36:33","modified_gmt":"2015-09-02T18:36:33","slug":"industria-automotiva-acumula-queda-de-202-na-producao-em-2015","status":"publish","type":"post","link":"https:\/\/www.redenoticia.com.br\/noticia\/2015\/industria-automotiva-acumula-queda-de-202-na-producao-em-2015\/74724","title":{"rendered":"Ind\u00fastria automotiva acumula queda de 20,2% na produ\u00e7\u00e3o em 2015"},"content":{"rendered":"<p> A <strong><em>ind\u00fastria de ve\u00edculos<\/em><\/strong> automotores, reboques e carrocerias acumula queda de 20,2% na produ\u00e7\u00e3o de 2015. De acordo com dados divulgados pelo Instituto Brasileiro de Geografia e Estat\u00edstica (IBGE), a  queda da ind\u00fastria automotiva foi a que teve maior impacto no indicador geral entre os 26 ramos pesquisados pelo instituto no per\u00edodo de janeiro a julho.<\/p>\n<p>A produ\u00e7\u00e3o industrial do Brasil recuou 6,6% at\u00e9 o s\u00e9timo m\u00eas de 2015, a maior queda desde 2009, quando houve retra\u00e7\u00e3o de 7,1%.<\/p>\n<p>No acumulados dos sete primeiros meses do ano, a maior queda (29%) foi registrada nos equipamentos de inform\u00e1tica, produtos eletr\u00f4nicos e \u00f3pticos. Os produtos farmac\u00eauticos e farmoqu\u00edmicos tiveram o terceiro maior recuo, de 15,5%.<\/p>\n<p>Dos 26 ramos pesquisados, tr\u00eas acumulam resultados positivos em 2015. Os melhores desempenhos s\u00e3o os da ind\u00fastria extrativa, com alta de 8,4%, e o de produtos diversos, com 2,9%. A ind\u00fastria de celulose, papel e produtos de papel variou 0,3% entre janeiro e julho.<\/p>\n<p>Em recorte das categorias de econ\u00f4micas, a ind\u00fastria de bens de capital foi a que mais caiu em 2015, com recuo acumulado de 20,9% desde janeiro. Os bens de consumo acumulam perdas de 8,7% na produ\u00e7\u00e3o, chegando a 14,2% nos bens de consumo dur\u00e1veis. J\u00e1 os bens intermedi\u00e1rios ca\u00edram 3,4%. <\/p>\n<p>Vin\u00edcius Lisboa \u2013 rep\u00f3rter da Ag\u00eancia Brasil<br \/>\nEdi\u00e7\u00e3o: Denise Griesinger<\/p>\n","protected":false},"excerpt":{"rendered":"<p>A ind\u00fastria de ve\u00edculos automotores, reboques e carrocerias acumula queda de 20,2% na produ\u00e7\u00e3o de 2015. De acordo com dados divulgados pelo Instituto Brasileiro de Geografia e Estat\u00edstica (IBGE), a queda da ind\u00fastria automotiva foi a que teve maior impacto no indicador geral entre os 26 ramos pesquisados pelo instituto no per\u00edodo de janeiro a [&hellip;]<\/p>\n","protected":false},"author":2,"featured_media":57583,"comment_status":"open","ping_status":"closed","sticky":false,"template":"","format":"standard","meta":{"_genesis_hide_title":false,"_genesis_hide_breadcrumbs":false,"_genesis_hide_singular_image":false,"_genesis_hide_footer_widgets":false,"_genesis_custom_body_class":"","_genesis_custom_post_class":"","_genesis_layout":"","_jetpack_memberships_contains_paid_content":false,"footnotes":""},"categories":[22,7],"tags":[],"class_list":{"0":"post-74724","1":"post","2":"type-post","3":"status-publish","4":"format-standard","5":"has-post-thumbnail","7":"category-brasil","8":"category-economia","9":"entry","10":"gs-1","11":"gs-odd","12":"gs-even","13":"gs-featured-content-entry"},"jetpack_featured_media_url":"https:\/\/www.redenoticia.com.br\/noticia\/imagens\/economia-grafico.jpg","jetpack_sharing_enabled":true,"jetpack_likes_enabled":true,"_links":{"self":[{"href":"https:\/\/www.redenoticia.com.br\/noticia\/wp-json\/wp\/v2\/posts\/74724","targetHints":{"allow":["GET"]}}],"collection":[{"href":"https:\/\/www.redenoticia.com.br\/noticia\/wp-json\/wp\/v2\/posts"}],"about":[{"href":"https:\/\/www.redenoticia.com.br\/noticia\/wp-json\/wp\/v2\/types\/post"}],"author":[{"embeddable":true,"href":"https:\/\/www.redenoticia.com.br\/noticia\/wp-json\/wp\/v2\/users\/2"}],"replies":[{"embeddable":true,"href":"https:\/\/www.redenoticia.com.br\/noticia\/wp-json\/wp\/v2\/comments?post=74724"}],"version-history":[{"count":0,"href":"https:\/\/www.redenoticia.com.br\/noticia\/wp-json\/wp\/v2\/posts\/74724\/revisions"}],"wp:featuredmedia":[{"embeddable":true,"href":"https:\/\/www.redenoticia.com.br\/noticia\/wp-json\/wp\/v2\/media\/57583"}],"wp:attachment":[{"href":"https:\/\/www.redenoticia.com.br\/noticia\/wp-json\/wp\/v2\/media?parent=74724"}],"wp:term":[{"taxonomy":"category","embeddable":true,"href":"https:\/\/www.redenoticia.com.br\/noticia\/wp-json\/wp\/v2\/categories?post=74724"},{"taxonomy":"post_tag","embeddable":true,"href":"https:\/\/www.redenoticia.com.br\/noticia\/wp-json\/wp\/v2\/tags?post=74724"}],"curies":[{"name":"wp","href":"https:\/\/api.w.org\/{rel}","templated":true}]}}