{"id":74722,"date":"2015-09-02T15:35:30","date_gmt":"2015-09-02T18:35:30","guid":{"rendered":"http:\/\/www.redenoticia.com.br\/noticia\/?p=74722"},"modified":"2015-09-02T15:35:30","modified_gmt":"2015-09-02T18:35:30","slug":"producao-industrial-cai-em-julho-e-acumula-queda-de-66-em-2015-diz-ibge","status":"publish","type":"post","link":"https:\/\/www.redenoticia.com.br\/noticia\/2015\/producao-industrial-cai-em-julho-e-acumula-queda-de-66-em-2015-diz-ibge\/74722","title":{"rendered":"Produ\u00e7\u00e3o industrial cai em julho e acumula queda de 6,6% em 2015, diz IBGE"},"content":{"rendered":"<p> A <strong><em>produ\u00e7\u00e3o industrial<\/em><\/strong> do Brasil diminuiu 1,5% de junho para julho, divulgou o Instituto Brasileiro de Geografia e Estat\u00edstica (IBGE). Na compara\u00e7\u00e3o de julho com o mesmo m\u00eas do ano anterior, a queda chegou a 8,9%. Em 2015, o Brasil acumula perdas de 6,6% na produ\u00e7\u00e3o industrial, segundo o IBGE. Nos \u00faltimos 12 meses, a queda chega a 5,3%.<\/p>\n<p>Na avalia\u00e7\u00e3o do gerente da coordena\u00e7\u00e3o de ind\u00fastria do IBGE, Andr\u00e9 Macedo, o resultado de julho mostra que o ritmo de queda ganhou for\u00e7a. &#8220;Quando a gente observa os resultados m\u00eas a m\u00eas, h\u00e1 claramente um aumento na intensidade dessa perda&#8221;, diz o gerente, que acrescenta: &#8220;Desde setembro do ano passado, s\u00e3o oito meses de taxas negativas e s\u00f3 em tr\u00eas meses tivemos avan\u00e7os na produ\u00e7\u00e3o. E essas taxas positivas foram ligeiramente positiva&#8221;.<\/p>\n<p>A queda registrada em julho \u00e9 a maior do per\u00edodo citado por Macedo. Em abril, a produ\u00e7\u00e3o havia ca\u00eddo 1,4%. Os \u00fanicos resultados positivos desde setembro foram 0,1% em outubro, 0,3% em janeiro e 0,4% em maio.<\/p>\n<p>A queda na produ\u00e7\u00e3o em julho comparada ao m\u00eas anterior ocorreu em praticamente todas as categorias econ\u00f4micas: os bens de capital tiveram redu\u00e7\u00e3o de 1,9% e os intermedi\u00e1rios, 2,1%. Para os bens de consumo, foi registrada queda de 1,1%, apesar do aumento de 9,6% na produ\u00e7\u00e3o de bens dur\u00e1veis. A produ\u00e7\u00e3o dos semidur\u00e1veis e dos n\u00e3o dur\u00e1veis foi 3,4% menor que em junho.<\/p>\n<p>A retra\u00e7\u00e3o na produ\u00e7\u00e3o industrial se refletiu em 14 dos 24 ramos pesquisados pelo IBGE. A principal influ\u00eancia negativa para o resultado geral foi da ind\u00fastria de alimentos, em que a produ\u00e7\u00e3o caiu 6,2%.<\/p>\n<p>As atividades de bebidas tamb\u00e9m ca\u00edram 6,2% e as de coque \u2013 produtos derivados do petr\u00f3leo e biocombust\u00edveis \u2013 recuaram 1,7%. <\/p>\n<p>O pesquisador do IBGE aponta que uma s\u00e9rie de fatores est\u00e3o influenciando a redu\u00e7\u00e3o da produ\u00e7\u00e3o. &#8220;Baixo n\u00edvel de confian\u00e7a do empres\u00e1rio, reduzindo o investimento, baixo n\u00edvel de confian\u00e7a do consumidor, o que diminui a demanda, deteriora\u00e7\u00e3o do mercado de trabalho, aumento da taxa de desemprego, escassez do cr\u00e9dito&#8221;, citou.<\/p>\n<p>Vin\u00edcius Lisboa \u2013 Rep\u00f3rter da Ag\u00eancia Brasil<br \/>\nEdi\u00e7\u00e3o: Denise Griesinger<\/p>\n","protected":false},"excerpt":{"rendered":"<p>A produ\u00e7\u00e3o industrial do Brasil diminuiu 1,5% de junho para julho, divulgou o Instituto Brasileiro de Geografia e Estat\u00edstica (IBGE). Na compara\u00e7\u00e3o de julho com o mesmo m\u00eas do ano anterior, a queda chegou a 8,9%. Em 2015, o Brasil acumula perdas de 6,6% na produ\u00e7\u00e3o industrial, segundo o IBGE. Nos \u00faltimos 12 meses, a [&hellip;]<\/p>\n","protected":false},"author":2,"featured_media":38938,"comment_status":"open","ping_status":"closed","sticky":false,"template":"","format":"standard","meta":{"_genesis_hide_title":false,"_genesis_hide_breadcrumbs":false,"_genesis_hide_singular_image":false,"_genesis_hide_footer_widgets":false,"_genesis_custom_body_class":"","_genesis_custom_post_class":"","_genesis_layout":"","_jetpack_memberships_contains_paid_content":false,"footnotes":""},"categories":[22,7],"tags":[],"class_list":{"0":"post-74722","1":"post","2":"type-post","3":"status-publish","4":"format-standard","5":"has-post-thumbnail","7":"category-brasil","8":"category-economia","9":"entry","10":"gs-1","11":"gs-odd","12":"gs-even","13":"gs-featured-content-entry"},"jetpack_featured_media_url":"https:\/\/www.redenoticia.com.br\/noticia\/imagens\/economia1.jpg","jetpack_sharing_enabled":true,"jetpack_likes_enabled":true,"_links":{"self":[{"href":"https:\/\/www.redenoticia.com.br\/noticia\/wp-json\/wp\/v2\/posts\/74722","targetHints":{"allow":["GET"]}}],"collection":[{"href":"https:\/\/www.redenoticia.com.br\/noticia\/wp-json\/wp\/v2\/posts"}],"about":[{"href":"https:\/\/www.redenoticia.com.br\/noticia\/wp-json\/wp\/v2\/types\/post"}],"author":[{"embeddable":true,"href":"https:\/\/www.redenoticia.com.br\/noticia\/wp-json\/wp\/v2\/users\/2"}],"replies":[{"embeddable":true,"href":"https:\/\/www.redenoticia.com.br\/noticia\/wp-json\/wp\/v2\/comments?post=74722"}],"version-history":[{"count":0,"href":"https:\/\/www.redenoticia.com.br\/noticia\/wp-json\/wp\/v2\/posts\/74722\/revisions"}],"wp:featuredmedia":[{"embeddable":true,"href":"https:\/\/www.redenoticia.com.br\/noticia\/wp-json\/wp\/v2\/media\/38938"}],"wp:attachment":[{"href":"https:\/\/www.redenoticia.com.br\/noticia\/wp-json\/wp\/v2\/media?parent=74722"}],"wp:term":[{"taxonomy":"category","embeddable":true,"href":"https:\/\/www.redenoticia.com.br\/noticia\/wp-json\/wp\/v2\/categories?post=74722"},{"taxonomy":"post_tag","embeddable":true,"href":"https:\/\/www.redenoticia.com.br\/noticia\/wp-json\/wp\/v2\/tags?post=74722"}],"curies":[{"name":"wp","href":"https:\/\/api.w.org\/{rel}","templated":true}]}}