{"id":74720,"date":"2015-09-02T15:33:36","date_gmt":"2015-09-02T18:33:36","guid":{"rendered":"http:\/\/www.redenoticia.com.br\/noticia\/?p=74720"},"modified":"2015-09-02T15:33:36","modified_gmt":"2015-09-02T18:33:36","slug":"confianca-do-empresario-do-comercio-cai-47-de-julho-para-agosto","status":"publish","type":"post","link":"https:\/\/www.redenoticia.com.br\/noticia\/2015\/confianca-do-empresario-do-comercio-cai-47-de-julho-para-agosto\/74720","title":{"rendered":"Confian\u00e7a do empres\u00e1rio do com\u00e9rcio cai 4,7% de julho para agosto"},"content":{"rendered":"<p> O <strong><em>\u00cdndice de Confian\u00e7a do Empres\u00e1rio do Com\u00e9rcio<\/em><\/strong> (Icec), medido pela Confedera\u00e7\u00e3o Nacional do Com\u00e9rcio de Bens, Servi\u00e7os e Turismo (CNC), caiu 4,7% na passagem de julho para agosto deste ano. Essa foi a segunda queda consecutiva do indicador, j\u00e1 que na passagem de junho para julho, j\u00e1 havia registrado recuo de 1,7%.<\/p>\n<p>Em agosto, o \u00edndice atingiu o patamar mais baixo desde mar\u00e7o de 2011. Na compara\u00e7\u00e3o com agosto de 2014, a queda foi 24,6%.<\/p>\n<p>A queda de 4,7% na passagem de julho para agosto deste ano foi provocada por recuos em oito dos nove componentes do \u00edndice, com destaque para a expectativa do empres\u00e1rio em rela\u00e7\u00e3o \u00e0 economia (-7,8%), a inten\u00e7\u00e3o de contrata\u00e7\u00e3o de funcion\u00e1rios (-6,8%) e a avalia\u00e7\u00e3o em rela\u00e7\u00e3o \u00e0 condi\u00e7\u00e3o atual da empresa (-6,2%). Apenas a avalia\u00e7\u00e3o sobre a situa\u00e7\u00e3o dos estoques teve uma leve alta (0,1%).<\/p>\n<p>Na compara\u00e7\u00e3o com agosto de 2014, houve quedas nos nove componentes, com destaque para as avalia\u00e7\u00f5es das situa\u00e7\u00f5es atuais da economia (-64,1%), do setor (-44,9%) e da empresa (-34,1%). Outros componentes com grande recuo foram as inten\u00e7\u00f5es de investimentos na empresa (-30,5%) e de contrata\u00e7\u00e3o de funcion\u00e1rios (-29,7%).<\/p>\n<p>Vitor Abdala \u2013 Rep\u00f3rter da Ag\u00eancia Brasil<br \/>\nEdi\u00e7\u00e3o: Maria Claudia<\/p>\n","protected":false},"excerpt":{"rendered":"<p>O \u00cdndice de Confian\u00e7a do Empres\u00e1rio do Com\u00e9rcio (Icec), medido pela Confedera\u00e7\u00e3o Nacional do Com\u00e9rcio de Bens, Servi\u00e7os e Turismo (CNC), caiu 4,7% na passagem de julho para agosto deste ano. Essa foi a segunda queda consecutiva do indicador, j\u00e1 que na passagem de junho para julho, j\u00e1 havia registrado recuo de 1,7%. Em agosto, [&hellip;]<\/p>\n","protected":false},"author":2,"featured_media":40517,"comment_status":"open","ping_status":"closed","sticky":false,"template":"","format":"standard","meta":{"_genesis_hide_title":false,"_genesis_hide_breadcrumbs":false,"_genesis_hide_singular_image":false,"_genesis_hide_footer_widgets":false,"_genesis_custom_body_class":"","_genesis_custom_post_class":"","_genesis_layout":"","_jetpack_memberships_contains_paid_content":false,"footnotes":""},"categories":[22,7],"tags":[],"class_list":{"0":"post-74720","1":"post","2":"type-post","3":"status-publish","4":"format-standard","5":"has-post-thumbnail","7":"category-brasil","8":"category-economia","9":"entry","10":"gs-1","11":"gs-odd","12":"gs-even","13":"gs-featured-content-entry"},"jetpack_featured_media_url":"https:\/\/www.redenoticia.com.br\/noticia\/imagens\/economia-previsao.jpg","jetpack_sharing_enabled":true,"jetpack_likes_enabled":true,"_links":{"self":[{"href":"https:\/\/www.redenoticia.com.br\/noticia\/wp-json\/wp\/v2\/posts\/74720","targetHints":{"allow":["GET"]}}],"collection":[{"href":"https:\/\/www.redenoticia.com.br\/noticia\/wp-json\/wp\/v2\/posts"}],"about":[{"href":"https:\/\/www.redenoticia.com.br\/noticia\/wp-json\/wp\/v2\/types\/post"}],"author":[{"embeddable":true,"href":"https:\/\/www.redenoticia.com.br\/noticia\/wp-json\/wp\/v2\/users\/2"}],"replies":[{"embeddable":true,"href":"https:\/\/www.redenoticia.com.br\/noticia\/wp-json\/wp\/v2\/comments?post=74720"}],"version-history":[{"count":0,"href":"https:\/\/www.redenoticia.com.br\/noticia\/wp-json\/wp\/v2\/posts\/74720\/revisions"}],"wp:featuredmedia":[{"embeddable":true,"href":"https:\/\/www.redenoticia.com.br\/noticia\/wp-json\/wp\/v2\/media\/40517"}],"wp:attachment":[{"href":"https:\/\/www.redenoticia.com.br\/noticia\/wp-json\/wp\/v2\/media?parent=74720"}],"wp:term":[{"taxonomy":"category","embeddable":true,"href":"https:\/\/www.redenoticia.com.br\/noticia\/wp-json\/wp\/v2\/categories?post=74720"},{"taxonomy":"post_tag","embeddable":true,"href":"https:\/\/www.redenoticia.com.br\/noticia\/wp-json\/wp\/v2\/tags?post=74720"}],"curies":[{"name":"wp","href":"https:\/\/api.w.org\/{rel}","templated":true}]}}