{"id":74674,"date":"2015-09-01T17:30:44","date_gmt":"2015-09-01T20:30:44","guid":{"rendered":"http:\/\/www.redenoticia.com.br\/noticia\/?p=74674"},"modified":"2015-09-01T17:30:44","modified_gmt":"2015-09-01T20:30:44","slug":"ipc-s-acumula-alta-de-973-da-inflacao-nos-ultimos-12-meses","status":"publish","type":"post","link":"https:\/\/www.redenoticia.com.br\/noticia\/2015\/ipc-s-acumula-alta-de-973-da-inflacao-nos-ultimos-12-meses\/74674","title":{"rendered":"IPC-S acumula alta de 9,73% da infla\u00e7\u00e3o nos \u00faltimos 12 meses"},"content":{"rendered":"<p> O <strong><em>\u00cdndice de Pre\u00e7os ao Consumidor Semanal<\/em><\/strong> (IPC-S) encerrou o m\u00eas de agosto com varia\u00e7\u00e3o de 0,22% na \u00faltima semana, o que significa uma alta menor em rela\u00e7\u00e3o \u00e0 terceira pr\u00e9via do m\u00eas (0,27%). No acumulado desde janeiro, o \u00edndice registra percentual de 7,22% e, nos \u00faltimos 12 meses, 9,73%. Os dados s\u00e3o da pesquisa do Instituto Brasileiro de Economia (Ibre) da Funda\u00e7\u00e3o Getulio Vargas (FGV).<\/p>\n<p>Dos oito grupos pesquisados, dois apresentaram recuo: alimenta\u00e7\u00e3o (0,06% para -0,11%) e habita\u00e7\u00e3o (0,50% para 0,36%). No grupo alimenta\u00e7\u00e3o, a queda foi puxada pelas hortali\u00e7as e legumes, que tiveram baixa de 7,29% para 10,28%.<\/p>\n<p>Os pre\u00e7os aumentaram nos grupos transportes (0,13% para 0,18%); educa\u00e7\u00e3o, leitura e recrea\u00e7\u00e3o (0,45% para 0,48%); vestu\u00e1rio (-0,30% para -0,10%); comunica\u00e7\u00e3o (0,21% para 0,36%) e despesas diversas (0,09% para 0,12%). No grupo sa\u00fade e cuidados pessoais, a taxa ficou est\u00e1vel em 0,64%.<\/p>\n<p>Os itens que mais subiram no per\u00edodo foram: refei\u00e7\u00f5es em bares e restaurantes (0,77%), plano e seguro de sa\u00fade (de 0,99%), taxa de \u00e1gua e esgoto residencial (1,76%); aluguel residencial (0,42%) e condom\u00ednio residencial (0,71%). Entre os itens que mais colaboraram para reduzir o ritmo de alta da infla\u00e7\u00e3o foram: batata-inglesa (-20,28%), tomate (-17,06%), cebola (-9,7%), tarifa de eletricidade residencial (-0,59%) e banana-prata (-7,29%).<\/p>\n<p>O levantamento coletou pre\u00e7os em sete capitais: S\u00e3o Paulo, Porto Alegre, Salvador, Recife, Rio de Janeiro, Belo Horizonte e Bras\u00edlia.<\/p>\n<p>Marli Moreira &#8211; Rep\u00f3rter da Ag\u00eancia Brasil<br \/>\nEdi\u00e7\u00e3o: Carolina Pimentel<\/p>\n","protected":false},"excerpt":{"rendered":"<p>O \u00cdndice de Pre\u00e7os ao Consumidor Semanal (IPC-S) encerrou o m\u00eas de agosto com varia\u00e7\u00e3o de 0,22% na \u00faltima semana, o que significa uma alta menor em rela\u00e7\u00e3o \u00e0 terceira pr\u00e9via do m\u00eas (0,27%). No acumulado desde janeiro, o \u00edndice registra percentual de 7,22% e, nos \u00faltimos 12 meses, 9,73%. Os dados s\u00e3o da pesquisa [&hellip;]<\/p>\n","protected":false},"author":2,"featured_media":57582,"comment_status":"open","ping_status":"closed","sticky":false,"template":"","format":"standard","meta":{"_genesis_hide_title":false,"_genesis_hide_breadcrumbs":false,"_genesis_hide_singular_image":false,"_genesis_hide_footer_widgets":false,"_genesis_custom_body_class":"","_genesis_custom_post_class":"","_genesis_layout":"","_jetpack_memberships_contains_paid_content":false,"footnotes":""},"categories":[22,7],"tags":[],"class_list":{"0":"post-74674","1":"post","2":"type-post","3":"status-publish","4":"format-standard","5":"has-post-thumbnail","7":"category-brasil","8":"category-economia","9":"entry","10":"gs-1","11":"gs-odd","12":"gs-even","13":"gs-featured-content-entry"},"jetpack_featured_media_url":"https:\/\/www.redenoticia.com.br\/noticia\/imagens\/grafico1.jpg","jetpack_sharing_enabled":true,"jetpack_likes_enabled":true,"_links":{"self":[{"href":"https:\/\/www.redenoticia.com.br\/noticia\/wp-json\/wp\/v2\/posts\/74674","targetHints":{"allow":["GET"]}}],"collection":[{"href":"https:\/\/www.redenoticia.com.br\/noticia\/wp-json\/wp\/v2\/posts"}],"about":[{"href":"https:\/\/www.redenoticia.com.br\/noticia\/wp-json\/wp\/v2\/types\/post"}],"author":[{"embeddable":true,"href":"https:\/\/www.redenoticia.com.br\/noticia\/wp-json\/wp\/v2\/users\/2"}],"replies":[{"embeddable":true,"href":"https:\/\/www.redenoticia.com.br\/noticia\/wp-json\/wp\/v2\/comments?post=74674"}],"version-history":[{"count":0,"href":"https:\/\/www.redenoticia.com.br\/noticia\/wp-json\/wp\/v2\/posts\/74674\/revisions"}],"wp:featuredmedia":[{"embeddable":true,"href":"https:\/\/www.redenoticia.com.br\/noticia\/wp-json\/wp\/v2\/media\/57582"}],"wp:attachment":[{"href":"https:\/\/www.redenoticia.com.br\/noticia\/wp-json\/wp\/v2\/media?parent=74674"}],"wp:term":[{"taxonomy":"category","embeddable":true,"href":"https:\/\/www.redenoticia.com.br\/noticia\/wp-json\/wp\/v2\/categories?post=74674"},{"taxonomy":"post_tag","embeddable":true,"href":"https:\/\/www.redenoticia.com.br\/noticia\/wp-json\/wp\/v2\/tags?post=74674"}],"curies":[{"name":"wp","href":"https:\/\/api.w.org\/{rel}","templated":true}]}}