{"id":74672,"date":"2015-09-01T17:29:52","date_gmt":"2015-09-01T20:29:52","guid":{"rendered":"http:\/\/www.redenoticia.com.br\/noticia\/?p=74672"},"modified":"2015-09-01T17:29:52","modified_gmt":"2015-09-01T20:29:52","slug":"faturamento-da-industria-cai-02-em-julho-diz-cni","status":"publish","type":"post","link":"https:\/\/www.redenoticia.com.br\/noticia\/2015\/faturamento-da-industria-cai-02-em-julho-diz-cni\/74672","title":{"rendered":"Faturamento da ind\u00fastria cai 0,2% em julho, diz CNI"},"content":{"rendered":"<p> O <strong><em>faturamento da ind\u00fastria<\/em><\/strong> caiu 0,2% em julho, em rela\u00e7\u00e3o ao m\u00eas anterior, de acordo com dados divulgados pela Confedera\u00e7\u00e3o Nacional da Ind\u00fastria (CNI). A queda no m\u00eas passado foi menos intensa que a registrada em junho (-2,5%). Na compara\u00e7\u00e3o com julho de 2014, a queda do faturamento ficou em 6,7%.<\/p>\n<p>Os dados da CNI revelam ainda que a ind\u00fastria continua a reduzir postos de trabalho: o emprego no setor teve queda de 0,8% em julho, na compara\u00e7\u00e3o com junho. Com essa redu\u00e7\u00e3o, a massa salarial real \u2013 que \u00e9 a soma da remunera\u00e7\u00e3o paga ao total de empregados \u2013 e o rendimento m\u00e9dio real tamb\u00e9m ca\u00edram 2,5% e 1,6%, respectivamente, entre junho e julho.<\/p>\n<p>Segundo o gerente-executivo da Unidade de Pol\u00edtica Econ\u00f4mica da CNI, Fl\u00e1vio Castelo Branco, a queda no emprego \u00e9 significativa. Ele citou a compara\u00e7\u00e3o dos dados de julho deste ano com o mesmo m\u00eas de 2014, que registrou queda de 6,3%. Castelo Branco disse ainda que o rendimento de quem se mant\u00e9m no trabalho tem reposi\u00e7\u00e3o da infla\u00e7\u00e3o, nas negocia\u00e7\u00f5es salariais, o que impede uma queda maior na renda. \u201cSe por um lado \u00e9 um aspecto positivo, [por outro lado] isso mostra que os custos da ind\u00fastria continuam pressionados\u201d, disse. Ele acrescentou que seria preciso um aumento da produtividade para reduzir essa press\u00e3o nos custos.<\/p>\n<p>As horas trabalhadas na produ\u00e7\u00e3o ca\u00edram 2,3% e a ind\u00fastria operou, em m\u00e9dia, com 78,6% da capacidade instalada em julho \u2013 queda de 0,9 ponto percentual em rela\u00e7\u00e3o a junho. \u201cEsse \u00e9 o maior grau de ociosidade que temos em mais de 10 nos\u201d, acrescentou.<\/p>\n<p>Kelly Oliveira \u2013 Rep\u00f3rter da Ag\u00eancia Brasil<br \/>\nEdi\u00e7\u00e3o: Denise Griesinger<\/p>\n","protected":false},"excerpt":{"rendered":"<p>O faturamento da ind\u00fastria caiu 0,2% em julho, em rela\u00e7\u00e3o ao m\u00eas anterior, de acordo com dados divulgados pela Confedera\u00e7\u00e3o Nacional da Ind\u00fastria (CNI). A queda no m\u00eas passado foi menos intensa que a registrada em junho (-2,5%). Na compara\u00e7\u00e3o com julho de 2014, a queda do faturamento ficou em 6,7%. Os dados da CNI [&hellip;]<\/p>\n","protected":false},"author":2,"featured_media":38938,"comment_status":"open","ping_status":"closed","sticky":false,"template":"","format":"standard","meta":{"_genesis_hide_title":false,"_genesis_hide_breadcrumbs":false,"_genesis_hide_singular_image":false,"_genesis_hide_footer_widgets":false,"_genesis_custom_body_class":"","_genesis_custom_post_class":"","_genesis_layout":"","_jetpack_memberships_contains_paid_content":false,"footnotes":""},"categories":[22,7],"tags":[],"class_list":{"0":"post-74672","1":"post","2":"type-post","3":"status-publish","4":"format-standard","5":"has-post-thumbnail","7":"category-brasil","8":"category-economia","9":"entry","10":"gs-1","11":"gs-odd","12":"gs-even","13":"gs-featured-content-entry"},"jetpack_featured_media_url":"https:\/\/www.redenoticia.com.br\/noticia\/imagens\/economia1.jpg","jetpack_sharing_enabled":true,"jetpack_likes_enabled":true,"_links":{"self":[{"href":"https:\/\/www.redenoticia.com.br\/noticia\/wp-json\/wp\/v2\/posts\/74672","targetHints":{"allow":["GET"]}}],"collection":[{"href":"https:\/\/www.redenoticia.com.br\/noticia\/wp-json\/wp\/v2\/posts"}],"about":[{"href":"https:\/\/www.redenoticia.com.br\/noticia\/wp-json\/wp\/v2\/types\/post"}],"author":[{"embeddable":true,"href":"https:\/\/www.redenoticia.com.br\/noticia\/wp-json\/wp\/v2\/users\/2"}],"replies":[{"embeddable":true,"href":"https:\/\/www.redenoticia.com.br\/noticia\/wp-json\/wp\/v2\/comments?post=74672"}],"version-history":[{"count":0,"href":"https:\/\/www.redenoticia.com.br\/noticia\/wp-json\/wp\/v2\/posts\/74672\/revisions"}],"wp:featuredmedia":[{"embeddable":true,"href":"https:\/\/www.redenoticia.com.br\/noticia\/wp-json\/wp\/v2\/media\/38938"}],"wp:attachment":[{"href":"https:\/\/www.redenoticia.com.br\/noticia\/wp-json\/wp\/v2\/media?parent=74672"}],"wp:term":[{"taxonomy":"category","embeddable":true,"href":"https:\/\/www.redenoticia.com.br\/noticia\/wp-json\/wp\/v2\/categories?post=74672"},{"taxonomy":"post_tag","embeddable":true,"href":"https:\/\/www.redenoticia.com.br\/noticia\/wp-json\/wp\/v2\/tags?post=74672"}],"curies":[{"name":"wp","href":"https:\/\/api.w.org\/{rel}","templated":true}]}}