{"id":74670,"date":"2015-09-01T17:28:46","date_gmt":"2015-09-01T20:28:46","guid":{"rendered":"http:\/\/www.redenoticia.com.br\/noticia\/?p=74670"},"modified":"2015-09-01T17:28:46","modified_gmt":"2015-09-01T20:28:46","slug":"copom-se-reune-hoje-e-amanha-para-decidir-sobre-a-taxa-basica-de-juros","status":"publish","type":"post","link":"https:\/\/www.redenoticia.com.br\/noticia\/2015\/copom-se-reune-hoje-e-amanha-para-decidir-sobre-a-taxa-basica-de-juros\/74670","title":{"rendered":"Copom se re\u00fane hoje e amanh\u00e3 para decidir sobre a taxa b\u00e1sica de juros"},"content":{"rendered":"<p> Come\u00e7ou a sexta reuni\u00e3o do ano do Comit\u00ea de Pol\u00edtica Monet\u00e1ria (Copom) do Banco Central (BC). A segunda parte da reuni\u00e3o do comit\u00ea, formado pelos diretores e presidente do BC, ser\u00e1 realizada na quarta-feira (2). Ap\u00f3s a reuni\u00e3o de amanh\u00e3, o Copom anunciar\u00e1 a decis\u00e3o sobre a <em><strong>taxa b\u00e1sica de juros<\/strong><\/em>, a Selic.<\/p>\n<p>A expectativa de institui\u00e7\u00f5es financeiras consultadas pelo BC \u00e9 de manuten\u00e7\u00e3o da Selic no atual patamar, em 14,25% ao ano. A Selic passou por um ciclo de sete altas seguidas. Na \u00faltima reuni\u00e3o, em julho, o Copom aumentou a taxa b\u00e1sica em 0,5 ponto percentual, para 14,25% ao ano. Com esse reajuste, a Selic retomou o n\u00edvel de outubro de 2006.<\/p>\n<p>A taxa Selic \u00e9 o principal instrumento do BC para manter a infla\u00e7\u00e3o sob controle. Quando o Copom aumenta a Selic, o objetivo \u00e9 conter a demanda aquecida e isso causa reflexos nos pre\u00e7os, porque os juros mais altos encarecem o cr\u00e9dito e estimulam a poupan\u00e7a.<\/p>\n<p>J\u00e1 quando o Copom reduz os juros b\u00e1sicos, a tend\u00eancia \u00e9 que o cr\u00e9dito fique mais barato, com incentivo \u00e0 produ\u00e7\u00e3o e ao consumo.<\/p>\n<p>Ao manter a Selic no mesmo patamar, a sinaliza\u00e7\u00e3o \u00e9 que as eleva\u00e7\u00f5es anteriores foram suficientes para provocar os efeitos esperados na economia. A diretoria do BC tem dito que os efeitos de alta da taxa b\u00e1sica se acumulam e levam tempo para aparecer.<\/p>\n<p>O BC tem de perseguir a meta de infla\u00e7\u00e3o estabelecida pelo Conselho Monet\u00e1rio Nacional. A meta \u00e9 4,5%, com limite superior em 6,5%. A proje\u00e7\u00e3o do mercado financeiro sinaliza que a infla\u00e7\u00e3o, medida pelo \u00cdndice Nacional de Pre\u00e7os ao Consumidor Amplo (IPCA), est\u00e1 muito acima do teto da meta, em 9,28%. No pr\u00f3ximo ano, a expectativa \u00e9 infla\u00e7\u00e3o menor (5,51%), mas ainda acima do centro da meta.<\/p>\n<p>O BC tem prometido entregar a infla\u00e7\u00e3o na meta somente em 2016. Quando a meta \u00e9 ultrapassada, o presidente do BC tem de enviar carta aberta ao ministro da Fazenda, com as explica\u00e7\u00f5es para o descumprimento. A \u00faltima vez que isso aconteceu foi em 2003, quando a infla\u00e7\u00e3o atingiu 9,3%. Naquele ano, a meta era 4%, com intervalo de toler\u00e2ncia de 2,5%. Mas o BC prop\u00f4s uma meta ajustada de 8,5%, que tamb\u00e9m foi ultrapassada.<\/p>\n<p>No primeiro dia das reuni\u00f5es do Copom, os chefes de departamento apresentam dados sobre a infla\u00e7\u00e3o, o n\u00edvel de atividade econ\u00f4mica, as finan\u00e7as p\u00fablicas, a economia internacional, o c\u00e2mbio, as reservas internacionais, o mercado monet\u00e1rio, entre outros assuntos.<\/p>\n<p>No segundo dia, participam da reuni\u00e3o os diretores e o presidente do BC. O chefe do Departamento de Estudos e Pesquisas tamb\u00e9m participa, mas sem direito a voto. Ap\u00f3s an\u00e1lise da perspectiva para a infla\u00e7\u00e3o e das alternativas para definir a Selic, os diretores e o presidente definem a taxa. Assim que a Selic \u00e9 definida, o resultado \u00e9 divulgado \u00e0 imprensa. Na quinta-feira da semana seguinte, o BC divulga a ata da reuni\u00e3o, com as explica\u00e7\u00f5es sobre a decis\u00e3o.<\/p>\n<p>Kelly Oliveira \u2013 Rep\u00f3rter da Ag\u00eancia Brasil<br \/>\nEdi\u00e7\u00e3o: Jos\u00e9 Romildo<\/p>\n","protected":false},"excerpt":{"rendered":"<p>Come\u00e7ou a sexta reuni\u00e3o do ano do Comit\u00ea de Pol\u00edtica Monet\u00e1ria (Copom) do Banco Central (BC). A segunda parte da reuni\u00e3o do comit\u00ea, formado pelos diretores e presidente do BC, ser\u00e1 realizada na quarta-feira (2). Ap\u00f3s a reuni\u00e3o de amanh\u00e3, o Copom anunciar\u00e1 a decis\u00e3o sobre a taxa b\u00e1sica de juros, a Selic. A expectativa [&hellip;]<\/p>\n","protected":false},"author":2,"featured_media":57583,"comment_status":"open","ping_status":"closed","sticky":false,"template":"","format":"standard","meta":{"_genesis_hide_title":false,"_genesis_hide_breadcrumbs":false,"_genesis_hide_singular_image":false,"_genesis_hide_footer_widgets":false,"_genesis_custom_body_class":"","_genesis_custom_post_class":"","_genesis_layout":"","_jetpack_memberships_contains_paid_content":false,"footnotes":""},"categories":[22,7],"tags":[],"class_list":{"0":"post-74670","1":"post","2":"type-post","3":"status-publish","4":"format-standard","5":"has-post-thumbnail","7":"category-brasil","8":"category-economia","9":"entry","10":"gs-1","11":"gs-odd","12":"gs-even","13":"gs-featured-content-entry"},"jetpack_featured_media_url":"https:\/\/www.redenoticia.com.br\/noticia\/imagens\/economia-grafico.jpg","jetpack_sharing_enabled":true,"jetpack_likes_enabled":true,"_links":{"self":[{"href":"https:\/\/www.redenoticia.com.br\/noticia\/wp-json\/wp\/v2\/posts\/74670","targetHints":{"allow":["GET"]}}],"collection":[{"href":"https:\/\/www.redenoticia.com.br\/noticia\/wp-json\/wp\/v2\/posts"}],"about":[{"href":"https:\/\/www.redenoticia.com.br\/noticia\/wp-json\/wp\/v2\/types\/post"}],"author":[{"embeddable":true,"href":"https:\/\/www.redenoticia.com.br\/noticia\/wp-json\/wp\/v2\/users\/2"}],"replies":[{"embeddable":true,"href":"https:\/\/www.redenoticia.com.br\/noticia\/wp-json\/wp\/v2\/comments?post=74670"}],"version-history":[{"count":0,"href":"https:\/\/www.redenoticia.com.br\/noticia\/wp-json\/wp\/v2\/posts\/74670\/revisions"}],"wp:featuredmedia":[{"embeddable":true,"href":"https:\/\/www.redenoticia.com.br\/noticia\/wp-json\/wp\/v2\/media\/57583"}],"wp:attachment":[{"href":"https:\/\/www.redenoticia.com.br\/noticia\/wp-json\/wp\/v2\/media?parent=74670"}],"wp:term":[{"taxonomy":"category","embeddable":true,"href":"https:\/\/www.redenoticia.com.br\/noticia\/wp-json\/wp\/v2\/categories?post=74670"},{"taxonomy":"post_tag","embeddable":true,"href":"https:\/\/www.redenoticia.com.br\/noticia\/wp-json\/wp\/v2\/tags?post=74670"}],"curies":[{"name":"wp","href":"https:\/\/api.w.org\/{rel}","templated":true}]}}