{"id":74666,"date":"2015-09-01T17:25:04","date_gmt":"2015-09-01T20:25:04","guid":{"rendered":"http:\/\/www.redenoticia.com.br\/noticia\/?p=74666"},"modified":"2015-09-01T17:25:04","modified_gmt":"2015-09-01T20:25:04","slug":"greve-aumenta-prazo-de-agendamento-do-pedido-de-aposentadoria","status":"publish","type":"post","link":"https:\/\/www.redenoticia.com.br\/noticia\/2015\/greve-aumenta-prazo-de-agendamento-do-pedido-de-aposentadoria\/74666","title":{"rendered":"Greve aumenta prazo de agendamento do pedido de aposentadoria"},"content":{"rendered":"<p>Desde o in\u00edcio da <strong><em>greve dos servidores do Instituto Nacional do Seguro Social<\/em><\/strong> (INSS), h\u00e1 quase dois meses, o prazo m\u00e9dio nacional para agendamento de pedido de aposentadoria saltou de 33 dias para 54. No Distrito Federal (DF) este n\u00famero subiu de 55, em junho, para 103 dias em agosto.<\/p>\n<p>A greve completa dois meses esta semana e, segundo o movimento, tem ades\u00e3o de 80% dos servidores. Segundo o INSS, em S\u00e3o Paulo s\u00e3o dois meses e meio (76 dias) para este agendar o pedido de aposentadoria, enquanto no Paran\u00e1 s\u00e3o quase dois meses (56 dias). Antes da greve, o prazo m\u00e9dio nestes estados era respectivamente 41 e 38 dias.<\/p>\n<p>Para as pessoas que buscarem atendimento e n\u00e3o forem atendidos, o INSS orienta que procurem o teleatendimento 135 para remarca\u00e7\u00e3o. O instituto informou ainda que, para a concess\u00e3o do benef\u00edcio, ser\u00e1 considerada a data do primeiro agendamento. \u201cDessa forma, fica afastada qualquer hip\u00f3tese de preju\u00edzo financeiro aos segurados que fizerem jus a um benef\u00edcio previdenci\u00e1rio\u201d, informou o \u00f3rg\u00e3o.<\/p>\n<p>Segundo a Federa\u00e7\u00e3o Nacional dos Sindicatos dos Trabalhadores em Sa\u00fade, Trabalho, Previd\u00eancia e Assist\u00eancia Social (Fenasps), representantes dos servidores estiveram em reuni\u00e3o com o ministro da Previd\u00eancia Social, Carlos Gabas, mas n\u00e3o houve proposta nova.<\/p>\n<p>\u201cEle reafirmou tudo o que j\u00e1 vem falando, marcou nova reuni\u00e3o para a quinta-feira (3). Antes disso ele disse que vai procurar a presidente (da Rep\u00fablica) para dar uma resposta aos servidores\u201d, relatou Carlos Roberto dos Santos, da Secretaria de Forma\u00e7\u00e3o Pol\u00edtica e Sindical da Fenasps.<\/p>\n<p>Entre as reivindica\u00e7\u00f5es dos trabalhadores, est\u00e3o um reajuste nos sal\u00e1rios de 27%, para repor as perdas salariais desde 2010, a contrata\u00e7\u00e3o de mais servidores e a incorpora\u00e7\u00e3o das gratifica\u00e7\u00f5es, que representam 70% dos sal\u00e1rios. A proposta do Minist\u00e9rio do Planejamento \u00e9 de reajuste de 21,3% em quatro anos, entre 2016 e 2019.<\/p>\n<p>Aline Leal &#8211; Rep\u00f3rter da Ag\u00eancia Brasil<br \/>\nEdi\u00e7\u00e3o: Jorge Wamburg<\/p>\n","protected":false},"excerpt":{"rendered":"<p>Desde o in\u00edcio da greve dos servidores do Instituto Nacional do Seguro Social (INSS), h\u00e1 quase dois meses, o prazo m\u00e9dio nacional para agendamento de pedido de aposentadoria saltou de 33 dias para 54. No Distrito Federal (DF) este n\u00famero subiu de 55, em junho, para 103 dias em agosto. A greve completa dois meses [&hellip;]<\/p>\n","protected":false},"author":2,"featured_media":28951,"comment_status":"open","ping_status":"closed","sticky":false,"template":"","format":"standard","meta":{"_genesis_hide_title":false,"_genesis_hide_breadcrumbs":false,"_genesis_hide_singular_image":false,"_genesis_hide_footer_widgets":false,"_genesis_custom_body_class":"","_genesis_custom_post_class":"","_genesis_layout":"","_jetpack_memberships_contains_paid_content":false,"footnotes":""},"categories":[22],"tags":[],"class_list":{"0":"post-74666","1":"post","2":"type-post","3":"status-publish","4":"format-standard","5":"has-post-thumbnail","7":"category-brasil","8":"entry","9":"gs-1","10":"gs-odd","11":"gs-even","12":"gs-featured-content-entry"},"jetpack_featured_media_url":"https:\/\/www.redenoticia.com.br\/noticia\/imagens\/concurso-inscricao-vagas-ate.jpg","jetpack_sharing_enabled":true,"jetpack_likes_enabled":true,"_links":{"self":[{"href":"https:\/\/www.redenoticia.com.br\/noticia\/wp-json\/wp\/v2\/posts\/74666","targetHints":{"allow":["GET"]}}],"collection":[{"href":"https:\/\/www.redenoticia.com.br\/noticia\/wp-json\/wp\/v2\/posts"}],"about":[{"href":"https:\/\/www.redenoticia.com.br\/noticia\/wp-json\/wp\/v2\/types\/post"}],"author":[{"embeddable":true,"href":"https:\/\/www.redenoticia.com.br\/noticia\/wp-json\/wp\/v2\/users\/2"}],"replies":[{"embeddable":true,"href":"https:\/\/www.redenoticia.com.br\/noticia\/wp-json\/wp\/v2\/comments?post=74666"}],"version-history":[{"count":0,"href":"https:\/\/www.redenoticia.com.br\/noticia\/wp-json\/wp\/v2\/posts\/74666\/revisions"}],"wp:featuredmedia":[{"embeddable":true,"href":"https:\/\/www.redenoticia.com.br\/noticia\/wp-json\/wp\/v2\/media\/28951"}],"wp:attachment":[{"href":"https:\/\/www.redenoticia.com.br\/noticia\/wp-json\/wp\/v2\/media?parent=74666"}],"wp:term":[{"taxonomy":"category","embeddable":true,"href":"https:\/\/www.redenoticia.com.br\/noticia\/wp-json\/wp\/v2\/categories?post=74666"},{"taxonomy":"post_tag","embeddable":true,"href":"https:\/\/www.redenoticia.com.br\/noticia\/wp-json\/wp\/v2\/tags?post=74666"}],"curies":[{"name":"wp","href":"https:\/\/api.w.org\/{rel}","templated":true}]}}