{"id":74627,"date":"2015-08-31T18:08:26","date_gmt":"2015-08-31T21:08:26","guid":{"rendered":"http:\/\/www.redenoticia.com.br\/noticia\/?p=74627"},"modified":"2015-08-31T18:08:26","modified_gmt":"2015-08-31T21:08:26","slug":"economia-brasileira-caira-226-em-2015-estima-o-mercado","status":"publish","type":"post","link":"https:\/\/www.redenoticia.com.br\/noticia\/2015\/economia-brasileira-caira-226-em-2015-estima-o-mercado\/74627","title":{"rendered":"Economia brasileira cair\u00e1 2,26% em 2015, estima o mercado"},"content":{"rendered":"<p> Analistas e investidores do mercado financeiro estimam que a <strong><em>economia do pa\u00eds<\/em><\/strong> caia 2,26% este ano, segundo o boletim Focus, divulgado semanalmente pelo Banco Central. De acordo com a publica\u00e7\u00e3o, a produ\u00e7\u00e3o industrial brasileira cair\u00e1 5,57%.<\/p>\n<p>Haver\u00e1, segundo as estimativas, queda de 9,29% para 9,28% da infla\u00e7\u00e3o baseada no \u00cdndice de Pre\u00e7os ao Consumidor Amplo (IPCA), na compara\u00e7\u00e3o com os dados do \u00faltimo boletim Os pre\u00e7os administrados, monitorados pelo governo, ter\u00e3o um aumento de 15,20%<\/p>\n<p>A estimativa para a d\u00edvida l\u00edquida do setor p\u00fablico em percentual do PIB foi elevada de 36,15% para 36,20%, na compara\u00e7\u00e3o com o boletim da semana passada. A expectativa para a taxa b\u00e1sica de juros foi mantida em 14,25% at\u00e9 o fim do ano. Tamb\u00e9m foi mantida a expectativa do d\u00f3lar no valor de R$ 3,50 para o mesmo per\u00edodo.<\/p>\n<p>Para o setor externo, na avalia\u00e7\u00e3o do mercado financeiro, o d\u00e9ficit em conta corrente ficar\u00e1 em US$ 76,5 bilh\u00f5es. O saldo da balan\u00e7a comercial atingir\u00e1 US$ 8 bilh\u00f5es e os investimentos estrangeiros diretos, US$ 65 bilh\u00f5es.<\/p>\n<p>Daniel Lima &#8211; Rep\u00f3rter da Ag\u00eancia Brasil<br \/>\nEdi\u00e7\u00e3o: Jos\u00e9 Romildo<br \/>\n&#8212;<\/p>\n<p>A Empresa Brasil de Comunica\u00e7\u00e3o \u00e9 uma institui\u00e7\u00e3o da democracia brasileira: p\u00fablica, inclusiva e cidad\u00e3.  Criada em 2007 para fortalecer o sistema p\u00fablico de comunica\u00e7\u00e3o, \u00e9 gestora dos canais TV Brasil, TV Brasil Internacional, Ag\u00eancia Brasil, Radioag\u00eancia Nacional e do sistema p\u00fablico de R\u00e1dio \u2013 composto por oito emissoras. Estes, por sua independ\u00eancia editorial, distinguem-se dos canais estatais ou governamentais, com conte\u00fados diferenciados e complementares aos canais privados. Os ve\u00edculos da EBC t\u00eam autonomia para definir produ\u00e7\u00e3o, programa\u00e7\u00e3o e distribui\u00e7\u00e3o de conte\u00fados.<\/p>\n","protected":false},"excerpt":{"rendered":"<p>Analistas e investidores do mercado financeiro estimam que a economia do pa\u00eds caia 2,26% este ano, segundo o boletim Focus, divulgado semanalmente pelo Banco Central. De acordo com a publica\u00e7\u00e3o, a produ\u00e7\u00e3o industrial brasileira cair\u00e1 5,57%. Haver\u00e1, segundo as estimativas, queda de 9,29% para 9,28% da infla\u00e7\u00e3o baseada no \u00cdndice de Pre\u00e7os ao Consumidor Amplo [&hellip;]<\/p>\n","protected":false},"author":2,"featured_media":57583,"comment_status":"open","ping_status":"closed","sticky":false,"template":"","format":"standard","meta":{"_genesis_hide_title":false,"_genesis_hide_breadcrumbs":false,"_genesis_hide_singular_image":false,"_genesis_hide_footer_widgets":false,"_genesis_custom_body_class":"","_genesis_custom_post_class":"","_genesis_layout":"","_jetpack_memberships_contains_paid_content":false,"footnotes":""},"categories":[22,7],"tags":[],"class_list":{"0":"post-74627","1":"post","2":"type-post","3":"status-publish","4":"format-standard","5":"has-post-thumbnail","7":"category-brasil","8":"category-economia","9":"entry","10":"gs-1","11":"gs-odd","12":"gs-even","13":"gs-featured-content-entry"},"jetpack_featured_media_url":"https:\/\/www.redenoticia.com.br\/noticia\/imagens\/economia-grafico.jpg","jetpack_sharing_enabled":true,"jetpack_likes_enabled":true,"_links":{"self":[{"href":"https:\/\/www.redenoticia.com.br\/noticia\/wp-json\/wp\/v2\/posts\/74627","targetHints":{"allow":["GET"]}}],"collection":[{"href":"https:\/\/www.redenoticia.com.br\/noticia\/wp-json\/wp\/v2\/posts"}],"about":[{"href":"https:\/\/www.redenoticia.com.br\/noticia\/wp-json\/wp\/v2\/types\/post"}],"author":[{"embeddable":true,"href":"https:\/\/www.redenoticia.com.br\/noticia\/wp-json\/wp\/v2\/users\/2"}],"replies":[{"embeddable":true,"href":"https:\/\/www.redenoticia.com.br\/noticia\/wp-json\/wp\/v2\/comments?post=74627"}],"version-history":[{"count":0,"href":"https:\/\/www.redenoticia.com.br\/noticia\/wp-json\/wp\/v2\/posts\/74627\/revisions"}],"wp:featuredmedia":[{"embeddable":true,"href":"https:\/\/www.redenoticia.com.br\/noticia\/wp-json\/wp\/v2\/media\/57583"}],"wp:attachment":[{"href":"https:\/\/www.redenoticia.com.br\/noticia\/wp-json\/wp\/v2\/media?parent=74627"}],"wp:term":[{"taxonomy":"category","embeddable":true,"href":"https:\/\/www.redenoticia.com.br\/noticia\/wp-json\/wp\/v2\/categories?post=74627"},{"taxonomy":"post_tag","embeddable":true,"href":"https:\/\/www.redenoticia.com.br\/noticia\/wp-json\/wp\/v2\/tags?post=74627"}],"curies":[{"name":"wp","href":"https:\/\/api.w.org\/{rel}","templated":true}]}}