{"id":74625,"date":"2015-08-31T18:07:22","date_gmt":"2015-08-31T21:07:22","guid":{"rendered":"http:\/\/www.redenoticia.com.br\/noticia\/?p=74625"},"modified":"2015-08-31T18:07:22","modified_gmt":"2015-08-31T21:07:22","slug":"indice-de-confianca-de-servicos-da-fgv-recua-47-em-agosto","status":"publish","type":"post","link":"https:\/\/www.redenoticia.com.br\/noticia\/2015\/indice-de-confianca-de-servicos-da-fgv-recua-47-em-agosto\/74625","title":{"rendered":"\u00cdndice de Confian\u00e7a de Servi\u00e7os da FGV recua 4,7% em agosto"},"content":{"rendered":"<p> O <strong><em>\u00cdndice de Confian\u00e7a de Servi\u00e7os<\/em><\/strong>, medido pela Funda\u00e7\u00e3o Getulio Vargas (FGV), teve queda de 4,7% na passagem de julho para agosto deste ano. O indicador mede a confian\u00e7a do empres\u00e1rio do setor de servi\u00e7os.<\/p>\n<p> Ao atingir 74,7 pontos, o \u00edndice registrou \u2013 pela sexta vez, neste ano \u2013 o patamar mais baixo da s\u00e9rie hist\u00f3rica, iniciada em junho de 2008. A queda da confian\u00e7a atingiu empres\u00e1rios de 11 das 12 atividades pesquisadas pela FGV.<\/p>\n<p>O principal recuo foi observado no sub\u00edndice da Situa\u00e7\u00e3o Atual, que avalia a opini\u00e3o do empres\u00e1rio no m\u00eas e que caiu 9,6%. J\u00e1 o sub\u00edndice de Expectativas, que mede o otimismo em rela\u00e7\u00e3o aos pr\u00f3ximos meses, recuou 1,7%.<\/p>\n<p>De acordo com a FGV, o pessimismo das empresas de servi\u00e7os pode ser explicado pela fragilidade da demanda de empresas e fam\u00edlias.<\/p>\n<p>Vitor Abdala \u2013 Rep\u00f3rter da Ag\u00eancia Brasil<br \/>\nEdi\u00e7\u00e3o: Jos\u00e9 Romildo<br \/>\n&#8212;<\/p>\n<p>A Empresa Brasil de Comunica\u00e7\u00e3o \u00e9 uma institui\u00e7\u00e3o da democracia brasileira: p\u00fablica, inclusiva e cidad\u00e3.  Criada em 2007 para fortalecer o sistema p\u00fablico de comunica\u00e7\u00e3o, \u00e9 gestora dos canais TV Brasil, TV Brasil Internacional, Ag\u00eancia Brasil, Radioag\u00eancia Nacional e do sistema p\u00fablico de R\u00e1dio \u2013 composto por oito emissoras. Estes, por sua independ\u00eancia editorial, distinguem-se dos canais estatais ou governamentais, com conte\u00fados diferenciados e complementares aos canais privados. Os ve\u00edculos da EBC t\u00eam autonomia para definir produ\u00e7\u00e3o, programa\u00e7\u00e3o e distribui\u00e7\u00e3o de conte\u00fados.<\/p>\n","protected":false},"excerpt":{"rendered":"<p>O \u00cdndice de Confian\u00e7a de Servi\u00e7os, medido pela Funda\u00e7\u00e3o Getulio Vargas (FGV), teve queda de 4,7% na passagem de julho para agosto deste ano. O indicador mede a confian\u00e7a do empres\u00e1rio do setor de servi\u00e7os. Ao atingir 74,7 pontos, o \u00edndice registrou \u2013 pela sexta vez, neste ano \u2013 o patamar mais baixo da s\u00e9rie [&hellip;]<\/p>\n","protected":false},"author":2,"featured_media":57585,"comment_status":"open","ping_status":"closed","sticky":false,"template":"","format":"standard","meta":{"_genesis_hide_title":false,"_genesis_hide_breadcrumbs":false,"_genesis_hide_singular_image":false,"_genesis_hide_footer_widgets":false,"_genesis_custom_body_class":"","_genesis_custom_post_class":"","_genesis_layout":"","_jetpack_memberships_contains_paid_content":false,"footnotes":""},"categories":[22,7],"tags":[],"class_list":{"0":"post-74625","1":"post","2":"type-post","3":"status-publish","4":"format-standard","5":"has-post-thumbnail","7":"category-brasil","8":"category-economia","9":"entry","10":"gs-1","11":"gs-odd","12":"gs-even","13":"gs-featured-content-entry"},"jetpack_featured_media_url":"https:\/\/www.redenoticia.com.br\/noticia\/imagens\/analise-economia.jpg","jetpack_sharing_enabled":true,"jetpack_likes_enabled":true,"_links":{"self":[{"href":"https:\/\/www.redenoticia.com.br\/noticia\/wp-json\/wp\/v2\/posts\/74625","targetHints":{"allow":["GET"]}}],"collection":[{"href":"https:\/\/www.redenoticia.com.br\/noticia\/wp-json\/wp\/v2\/posts"}],"about":[{"href":"https:\/\/www.redenoticia.com.br\/noticia\/wp-json\/wp\/v2\/types\/post"}],"author":[{"embeddable":true,"href":"https:\/\/www.redenoticia.com.br\/noticia\/wp-json\/wp\/v2\/users\/2"}],"replies":[{"embeddable":true,"href":"https:\/\/www.redenoticia.com.br\/noticia\/wp-json\/wp\/v2\/comments?post=74625"}],"version-history":[{"count":0,"href":"https:\/\/www.redenoticia.com.br\/noticia\/wp-json\/wp\/v2\/posts\/74625\/revisions"}],"wp:featuredmedia":[{"embeddable":true,"href":"https:\/\/www.redenoticia.com.br\/noticia\/wp-json\/wp\/v2\/media\/57585"}],"wp:attachment":[{"href":"https:\/\/www.redenoticia.com.br\/noticia\/wp-json\/wp\/v2\/media?parent=74625"}],"wp:term":[{"taxonomy":"category","embeddable":true,"href":"https:\/\/www.redenoticia.com.br\/noticia\/wp-json\/wp\/v2\/categories?post=74625"},{"taxonomy":"post_tag","embeddable":true,"href":"https:\/\/www.redenoticia.com.br\/noticia\/wp-json\/wp\/v2\/tags?post=74625"}],"curies":[{"name":"wp","href":"https:\/\/api.w.org\/{rel}","templated":true}]}}