{"id":74623,"date":"2015-08-31T18:06:06","date_gmt":"2015-08-31T21:06:06","guid":{"rendered":"http:\/\/www.redenoticia.com.br\/noticia\/?p=74623"},"modified":"2015-08-31T18:06:06","modified_gmt":"2015-08-31T21:06:06","slug":"confianca-do-comercio-cai-pelo-quarto-mes-seguido-diz-fgv","status":"publish","type":"post","link":"https:\/\/www.redenoticia.com.br\/noticia\/2015\/confianca-do-comercio-cai-pelo-quarto-mes-seguido-diz-fgv\/74623","title":{"rendered":"Confian\u00e7a do com\u00e9rcio cai pelo quarto m\u00eas seguido, diz FGV"},"content":{"rendered":"<p> O \u00edndice da Funda\u00e7\u00e3o Getulio Vargas (FGV) que mede a <strong><em>confian\u00e7a do com\u00e9rcio<\/em><\/strong> teve queda de 4,1% de julho para agosto, divulgou o Instituto Brasileiro de Economia (Ibre). O recuo mensal foi o quarto seguido e reduziu o indicador ao menor patamar da s\u00e9rie hist\u00f3rica, iniciada em mar\u00e7o de 2010.<\/p>\n<p>Segundo a FGV, a percep\u00e7\u00e3o dos empres\u00e1rios sobre o momento atual da economia foi o principal fator que puxou para baixo o \u00cdndice de Confian\u00e7a do Com\u00e9rcio (Icom).<\/p>\n<p>O grau de satisfa\u00e7\u00e3o com a demanda, medido pelo \u00cdndice da Situa\u00e7\u00e3o Atual, teve queda de 12,1%, atingindo o menor n\u00edvel da s\u00e9rie.<\/p>\n<p>Por outro lado, o \u00cdndice de Expectativas teve um resultado positivo ap\u00f3s dois meses de queda. O percentual subiu 0,4% em agosto, ap\u00f3s perdas de 4,6% em julho e 1% em junho. Esse resultado foi obtido com um aumento do otimismo em rela\u00e7\u00e3o \u00e0 situa\u00e7\u00e3o dos neg\u00f3cios nos pr\u00f3ximos seis meses, que cresceu 1,8%.<\/p>\n<p>Vin\u00edcius Lisboa &#8211; rep\u00f3rter da Ag\u00eancia Brasil<br \/>\nEdi\u00e7\u00e3o: Talita Cavalcante<br \/>\n&#8212;<\/p>\n<p>A Empresa Brasil de Comunica\u00e7\u00e3o \u00e9 uma institui\u00e7\u00e3o da democracia brasileira: p\u00fablica, inclusiva e cidad\u00e3.  Criada em 2007 para fortalecer o sistema p\u00fablico de comunica\u00e7\u00e3o, \u00e9 gestora dos canais TV Brasil, TV Brasil Internacional, Ag\u00eancia Brasil, Radioag\u00eancia Nacional e do sistema p\u00fablico de R\u00e1dio \u2013 composto por oito emissoras. Estes, por sua independ\u00eancia editorial, distinguem-se dos canais estatais ou governamentais, com conte\u00fados diferenciados e complementares aos canais privados. Os ve\u00edculos da EBC t\u00eam autonomia para definir produ\u00e7\u00e3o, programa\u00e7\u00e3o e distribui\u00e7\u00e3o de conte\u00fados.<\/p>\n","protected":false},"excerpt":{"rendered":"<p>O \u00edndice da Funda\u00e7\u00e3o Getulio Vargas (FGV) que mede a confian\u00e7a do com\u00e9rcio teve queda de 4,1% de julho para agosto, divulgou o Instituto Brasileiro de Economia (Ibre). O recuo mensal foi o quarto seguido e reduziu o indicador ao menor patamar da s\u00e9rie hist\u00f3rica, iniciada em mar\u00e7o de 2010. Segundo a FGV, a percep\u00e7\u00e3o [&hellip;]<\/p>\n","protected":false},"author":2,"featured_media":57584,"comment_status":"open","ping_status":"closed","sticky":false,"template":"","format":"standard","meta":{"_genesis_hide_title":false,"_genesis_hide_breadcrumbs":false,"_genesis_hide_singular_image":false,"_genesis_hide_footer_widgets":false,"_genesis_custom_body_class":"","_genesis_custom_post_class":"","_genesis_layout":"","_jetpack_memberships_contains_paid_content":false,"footnotes":""},"categories":[22,7],"tags":[],"class_list":{"0":"post-74623","1":"post","2":"type-post","3":"status-publish","4":"format-standard","5":"has-post-thumbnail","7":"category-brasil","8":"category-economia","9":"entry","10":"gs-1","11":"gs-odd","12":"gs-even","13":"gs-featured-content-entry"},"jetpack_featured_media_url":"https:\/\/www.redenoticia.com.br\/noticia\/imagens\/economia-grafica-analise-inflacao.jpg","jetpack_sharing_enabled":true,"jetpack_likes_enabled":true,"_links":{"self":[{"href":"https:\/\/www.redenoticia.com.br\/noticia\/wp-json\/wp\/v2\/posts\/74623","targetHints":{"allow":["GET"]}}],"collection":[{"href":"https:\/\/www.redenoticia.com.br\/noticia\/wp-json\/wp\/v2\/posts"}],"about":[{"href":"https:\/\/www.redenoticia.com.br\/noticia\/wp-json\/wp\/v2\/types\/post"}],"author":[{"embeddable":true,"href":"https:\/\/www.redenoticia.com.br\/noticia\/wp-json\/wp\/v2\/users\/2"}],"replies":[{"embeddable":true,"href":"https:\/\/www.redenoticia.com.br\/noticia\/wp-json\/wp\/v2\/comments?post=74623"}],"version-history":[{"count":0,"href":"https:\/\/www.redenoticia.com.br\/noticia\/wp-json\/wp\/v2\/posts\/74623\/revisions"}],"wp:featuredmedia":[{"embeddable":true,"href":"https:\/\/www.redenoticia.com.br\/noticia\/wp-json\/wp\/v2\/media\/57584"}],"wp:attachment":[{"href":"https:\/\/www.redenoticia.com.br\/noticia\/wp-json\/wp\/v2\/media?parent=74623"}],"wp:term":[{"taxonomy":"category","embeddable":true,"href":"https:\/\/www.redenoticia.com.br\/noticia\/wp-json\/wp\/v2\/categories?post=74623"},{"taxonomy":"post_tag","embeddable":true,"href":"https:\/\/www.redenoticia.com.br\/noticia\/wp-json\/wp\/v2\/tags?post=74623"}],"curies":[{"name":"wp","href":"https:\/\/api.w.org\/{rel}","templated":true}]}}