{"id":74534,"date":"2015-08-28T16:56:55","date_gmt":"2015-08-28T19:56:55","guid":{"rendered":"http:\/\/www.redenoticia.com.br\/noticia\/?p=74534"},"modified":"2015-08-28T16:56:55","modified_gmt":"2015-08-28T19:56:55","slug":"consumo-das-familias-tem-maior-queda-desde-1997","status":"publish","type":"post","link":"https:\/\/www.redenoticia.com.br\/noticia\/2015\/consumo-das-familias-tem-maior-queda-desde-1997\/74534","title":{"rendered":"Consumo das fam\u00edlias tem maior queda desde 1997"},"content":{"rendered":"<p> O <strong><em>consumo das fam\u00edlias<\/em><\/strong> no Produto Interno Bruto (PIB) do segundo trimestre (abril, maio e junho) de 2015 teve a maior queda desde 1997 em rela\u00e7\u00e3o ao mesmo per\u00edodo do ano anterior. O Instituto Brasileiro de Geografia e Estat\u00edstica (IBGE) divulgou os n\u00fameros, que mostram retra\u00e7\u00e3o de 2,7% em rela\u00e7\u00e3o a 2014.<\/p>\n<p>Na s\u00e9rie hist\u00f3rica iniciada em 1996, o desempenho apresentado no \u00faltimo trimestre s\u00f3 n\u00e3o \u00e9 pior que o do quatro trimestre de 1997.<\/p>\n<p>Segundo o IBGE, influenciaram esse resultado fatores como a infla\u00e7\u00e3o e o crescimento do cr\u00e9dito abaixo dela, al\u00e9m de n\u00edveis piores de emprego e renda na compara\u00e7\u00e3o com os do ano passado. &#8220;Essa conjuntura fez com que o consumo das fam\u00edlias ca\u00edsse, em especial na parte dos bens dur\u00e1veis&#8221;, dlsse a coordenadora de Contas Nacionais do IBGE, Rebeca de La Rocque Palis.<\/p>\n<p>A queda da demanda interna se refletiu tamb\u00e9m nas importa\u00e7\u00f5es, assim como o c\u00e2mbio, que teve uma desvaloriza\u00e7\u00e3o de 38% entre o segundo trimestre do ano anterior e os meses de abril, maio e junho deste ano. As importa\u00e7\u00f5es ca\u00edram 11,7% no per\u00edodo, enquanto as exporta\u00e7\u00f5es subiram 7,5%.<\/p>\n<p>A queda das importa\u00e7\u00f5es se deu principalmente nos ve\u00edculos automotores, nos equipamentos eletr\u00f4nicos, nas m\u00e1quinas e equipamentos e nas viagens e transportes. Por outro lado, as exporta\u00e7\u00f5es cresceram com o desempenho dos setores de petr\u00f3leo e carv\u00e3o, siderurgia, metalurgia e ve\u00edculos automotores.<\/p>\n<p>Vin\u00edcius Lisb\u00f4a &#8211; Rep\u00f3rter da Ag\u00eancia Brasil<br \/>\nEdi\u00e7\u00e3o: Maria Claudia<\/p>\n","protected":false},"excerpt":{"rendered":"<p>O consumo das fam\u00edlias no Produto Interno Bruto (PIB) do segundo trimestre (abril, maio e junho) de 2015 teve a maior queda desde 1997 em rela\u00e7\u00e3o ao mesmo per\u00edodo do ano anterior. O Instituto Brasileiro de Geografia e Estat\u00edstica (IBGE) divulgou os n\u00fameros, que mostram retra\u00e7\u00e3o de 2,7% em rela\u00e7\u00e3o a 2014. Na s\u00e9rie hist\u00f3rica [&hellip;]<\/p>\n","protected":false},"author":2,"featured_media":40734,"comment_status":"open","ping_status":"closed","sticky":false,"template":"","format":"standard","meta":{"_genesis_hide_title":false,"_genesis_hide_breadcrumbs":false,"_genesis_hide_singular_image":false,"_genesis_hide_footer_widgets":false,"_genesis_custom_body_class":"","_genesis_custom_post_class":"","_genesis_layout":"","_jetpack_memberships_contains_paid_content":false,"footnotes":""},"categories":[22,7],"tags":[],"class_list":{"0":"post-74534","1":"post","2":"type-post","3":"status-publish","4":"format-standard","5":"has-post-thumbnail","7":"category-brasil","8":"category-economia","9":"entry","10":"gs-1","11":"gs-odd","12":"gs-even","13":"gs-featured-content-entry"},"jetpack_featured_media_url":"https:\/\/www.redenoticia.com.br\/noticia\/imagens\/economia-resultados.jpg","jetpack_sharing_enabled":true,"jetpack_likes_enabled":true,"_links":{"self":[{"href":"https:\/\/www.redenoticia.com.br\/noticia\/wp-json\/wp\/v2\/posts\/74534","targetHints":{"allow":["GET"]}}],"collection":[{"href":"https:\/\/www.redenoticia.com.br\/noticia\/wp-json\/wp\/v2\/posts"}],"about":[{"href":"https:\/\/www.redenoticia.com.br\/noticia\/wp-json\/wp\/v2\/types\/post"}],"author":[{"embeddable":true,"href":"https:\/\/www.redenoticia.com.br\/noticia\/wp-json\/wp\/v2\/users\/2"}],"replies":[{"embeddable":true,"href":"https:\/\/www.redenoticia.com.br\/noticia\/wp-json\/wp\/v2\/comments?post=74534"}],"version-history":[{"count":0,"href":"https:\/\/www.redenoticia.com.br\/noticia\/wp-json\/wp\/v2\/posts\/74534\/revisions"}],"wp:featuredmedia":[{"embeddable":true,"href":"https:\/\/www.redenoticia.com.br\/noticia\/wp-json\/wp\/v2\/media\/40734"}],"wp:attachment":[{"href":"https:\/\/www.redenoticia.com.br\/noticia\/wp-json\/wp\/v2\/media?parent=74534"}],"wp:term":[{"taxonomy":"category","embeddable":true,"href":"https:\/\/www.redenoticia.com.br\/noticia\/wp-json\/wp\/v2\/categories?post=74534"},{"taxonomy":"post_tag","embeddable":true,"href":"https:\/\/www.redenoticia.com.br\/noticia\/wp-json\/wp\/v2\/tags?post=74534"}],"curies":[{"name":"wp","href":"https:\/\/api.w.org\/{rel}","templated":true}]}}