{"id":74531,"date":"2015-08-28T16:55:53","date_gmt":"2015-08-28T19:55:53","guid":{"rendered":"http:\/\/www.redenoticia.com.br\/noticia\/?p=74531"},"modified":"2015-08-28T16:55:53","modified_gmt":"2015-08-28T19:55:53","slug":"emprego-na-construcao-cai-pela-17a-vez-consecutiva-mostra-sinduscon-sp","status":"publish","type":"post","link":"https:\/\/www.redenoticia.com.br\/noticia\/2015\/emprego-na-construcao-cai-pela-17a-vez-consecutiva-mostra-sinduscon-sp\/74531","title":{"rendered":"Emprego na constru\u00e7\u00e3o cai pela 17\u00aa vez consecutiva, mostra SindusCon-SP"},"content":{"rendered":"<p> O n\u00edvel de <strong><em>emprego na constru\u00e7\u00e3o civil<\/em><\/strong> brasileira registrou queda de 1,29% em julho, na compara\u00e7\u00e3o com o m\u00eas anterior. Considerando a sazonalidade, o indicador caiu 0,87%. Essa \u00e9 a 17\u00aa queda mensal consecutiva e representa corte de 486,6 mil postos de trabalho.<\/p>\n<p> Em 12 meses, houve redu\u00e7\u00e3o de 414,1 mil vagas, com retra\u00e7\u00e3o de 11,67%. Os dados s\u00e3o da pesquisa de emprego do Sindicato da Ind\u00fastria da Constru\u00e7\u00e3o Civil do Estado de S\u00e3o Paulo (SindusCon-SP), em parceria com a Funda\u00e7\u00e3o Getulio Vargas (FGV), e com base em informa\u00e7\u00f5es do Minist\u00e9rio do Trabalho e Emprego.<\/p>\n<p>Os segmentos imobili\u00e1rios apresentaram queda de 14,06%, j\u00e1 os de infraestrutura sofreram retra\u00e7\u00e3o de 15,24%. Esses setores foram os que mais demitiram nos \u00faltimos 12 meses. O indicador de prepara\u00e7\u00e3o de terreno surge na sequ\u00eancia, com decl\u00ednio de 10,62%. O movimento tem sido observado em quase todos os estados, \u00e0 exce\u00e7\u00e3o do Cear\u00e1.<\/p>\n<p>O n\u00famero de trabalhadores com carteira assinada na constru\u00e7\u00e3o era 3,134 milh\u00f5es no final de julho. De janeiro a julho deste ano, foram cortados 184,6 mil empregos.<\/p>\n<p>Fernanda Cruz \u2013 Rep\u00f3rter da Ag\u00eancia Brasil<br \/>\nEdi\u00e7\u00e3o: Denise Griesinger<\/p>\n","protected":false},"excerpt":{"rendered":"<p>O n\u00edvel de emprego na constru\u00e7\u00e3o civil brasileira registrou queda de 1,29% em julho, na compara\u00e7\u00e3o com o m\u00eas anterior. Considerando a sazonalidade, o indicador caiu 0,87%. Essa \u00e9 a 17\u00aa queda mensal consecutiva e representa corte de 486,6 mil postos de trabalho. Em 12 meses, houve redu\u00e7\u00e3o de 414,1 mil vagas, com retra\u00e7\u00e3o de [&hellip;]<\/p>\n","protected":false},"author":2,"featured_media":57584,"comment_status":"open","ping_status":"closed","sticky":false,"template":"","format":"standard","meta":{"_genesis_hide_title":false,"_genesis_hide_breadcrumbs":false,"_genesis_hide_singular_image":false,"_genesis_hide_footer_widgets":false,"_genesis_custom_body_class":"","_genesis_custom_post_class":"","_genesis_layout":"","_jetpack_memberships_contains_paid_content":false,"footnotes":""},"categories":[22,7],"tags":[],"class_list":{"0":"post-74531","1":"post","2":"type-post","3":"status-publish","4":"format-standard","5":"has-post-thumbnail","7":"category-brasil","8":"category-economia","9":"entry","10":"gs-1","11":"gs-odd","12":"gs-even","13":"gs-featured-content-entry"},"jetpack_featured_media_url":"https:\/\/www.redenoticia.com.br\/noticia\/imagens\/economia-grafica-analise-inflacao.jpg","jetpack_sharing_enabled":true,"jetpack_likes_enabled":true,"_links":{"self":[{"href":"https:\/\/www.redenoticia.com.br\/noticia\/wp-json\/wp\/v2\/posts\/74531","targetHints":{"allow":["GET"]}}],"collection":[{"href":"https:\/\/www.redenoticia.com.br\/noticia\/wp-json\/wp\/v2\/posts"}],"about":[{"href":"https:\/\/www.redenoticia.com.br\/noticia\/wp-json\/wp\/v2\/types\/post"}],"author":[{"embeddable":true,"href":"https:\/\/www.redenoticia.com.br\/noticia\/wp-json\/wp\/v2\/users\/2"}],"replies":[{"embeddable":true,"href":"https:\/\/www.redenoticia.com.br\/noticia\/wp-json\/wp\/v2\/comments?post=74531"}],"version-history":[{"count":0,"href":"https:\/\/www.redenoticia.com.br\/noticia\/wp-json\/wp\/v2\/posts\/74531\/revisions"}],"wp:featuredmedia":[{"embeddable":true,"href":"https:\/\/www.redenoticia.com.br\/noticia\/wp-json\/wp\/v2\/media\/57584"}],"wp:attachment":[{"href":"https:\/\/www.redenoticia.com.br\/noticia\/wp-json\/wp\/v2\/media?parent=74531"}],"wp:term":[{"taxonomy":"category","embeddable":true,"href":"https:\/\/www.redenoticia.com.br\/noticia\/wp-json\/wp\/v2\/categories?post=74531"},{"taxonomy":"post_tag","embeddable":true,"href":"https:\/\/www.redenoticia.com.br\/noticia\/wp-json\/wp\/v2\/tags?post=74531"}],"curies":[{"name":"wp","href":"https:\/\/api.w.org\/{rel}","templated":true}]}}