{"id":74525,"date":"2015-08-28T16:52:01","date_gmt":"2015-08-28T19:52:01","guid":{"rendered":"http:\/\/www.redenoticia.com.br\/noticia\/?p=74525"},"modified":"2015-08-28T16:59:41","modified_gmt":"2015-08-28T19:59:41","slug":"setor-publico-registra-deficit-primario-de-r-10-bilhoes-em-julho","status":"publish","type":"post","link":"https:\/\/www.redenoticia.com.br\/noticia\/2015\/setor-publico-registra-deficit-primario-de-r-10-bilhoes-em-julho\/74525","title":{"rendered":"Setor p\u00fablico registra d\u00e9ficit prim\u00e1rio de R$ 10 bilh\u00f5es em julho"},"content":{"rendered":"<p> O setor p\u00fablico consolidado \u2013 governos federal, estaduais e municipais e empresas estatais \u2013 registrou <strong><em>d\u00e9ficit prim\u00e1rio<\/em><\/strong> de R$ 10,019 bilh\u00f5es, em julho, de acordo com dados do Banco Central (BC). Foi o pior resultado registrado em julho, na s\u00e9rie hist\u00f3rica iniciada em dezembro de 2001. No mesmo m\u00eas de 2014, houve d\u00e9ficit prim\u00e1rio de R$ 4,715 bilh\u00f5es.<\/p>\n<p>Nos sete meses do ano, o setor p\u00fablico registra super\u00e1vit prim\u00e1rio de R$ 6,205 bilh\u00f5es. Em 12 meses encerrados em julho, o setor p\u00fablico registrou d\u00e9ficit prim\u00e1rio de R$ 50,996 bilh\u00f5es, o que corresponde a 0,89% do Produto Interno Bruto (PIB), soma de todos os bens e servi\u00e7os produzidos no pa\u00eds.<\/p>\n<p>O super\u00e1vit prim\u00e1rio, economia de recursos para pagar os juros da d\u00edvida p\u00fablica, ajuda a conter o endividamento do governo, em m\u00e9dio e longo prazos. Mas as dificuldades em cortar gastos e em aumentar as receitas fizeram a equipe econ\u00f4mica reduzir para R$ 8,747 bilh\u00f5es, 0,15% do Produto Interno Bruto (PIB, soma das riquezas produzidas no pa\u00eds), a meta de super\u00e1vit prim\u00e1rio (economia para pagar os juros da d\u00edvida p\u00fablica) para 2015. Desse total, 0,10% \u2013 R$ 5,8 bilh\u00f5es \u2013 correspondem ao Governo Central. A meta anterior do setor p\u00fablico era R$ 66,3 bilh\u00f5es ou 1,1% do PIB.<\/p>\n<p>Nos sete meses do ano, o Governo Central (Tesouro, Banco Central e Previd\u00eancia) registrou super\u00e1vit de R$ 7,951 bilh\u00f5es, enquanto os governos estaduais registraram d\u00e9ficit prim\u00e1rio de R$ 13,633 bilh\u00f5es. Os governos municipais registram super\u00e1vit prim\u00e1rio de R$ 2,493 bilh\u00f5es. J\u00e1 as empresas estatais federais, estaduais e municipais, exclu\u00eddos os grupos Petrobras e Eletrobras, registraram d\u00e9ficit prim\u00e1rio de R$ 1,970 bilh\u00e3o.<\/p>\n<p>Os gastos com os juros que incidem sobre a d\u00edvida chegaram a R$ 62,753 bilh\u00f5es, em julho, e acumularam R$ 288,623 bilh\u00f5es, nos sete meses do ano.<\/p>\n<p>O d\u00e9ficit nominal, formado pelo resultado prim\u00e1rio e as despesas com juros, chegou a R$ 72,772 bilh\u00f5es, em julho. Nos sete meses do ano, o resultado negativo chegou a R$ 282,418 bilh\u00f5es.<\/p>\n<p>A d\u00edvida l\u00edquida do setor p\u00fablico chegou a R$ 1,950 trilh\u00e3o em julho, o que corresponde a 34,2% do PIB. Em rela\u00e7\u00e3o a junho, a d\u00edvida em propor\u00e7\u00e3o do PIB caiu 0,4 ponto percentual. A d\u00edvida bruta chegou a R$ 3,685 trilh\u00f5es ou 64,6% do PIB, aumento de 1,4 ponto percentual em rela\u00e7\u00e3o a junho.<\/p>\n<p>Kelly Oliveira &#8211; Rep\u00f3rter da Ag\u00eancia Brasil<br \/>\nEdi\u00e7\u00e3o: Jos\u00e9 Romildo<\/p>\n","protected":false},"excerpt":{"rendered":"<p>O setor p\u00fablico consolidado \u2013 governos federal, estaduais e municipais e empresas estatais \u2013 registrou d\u00e9ficit prim\u00e1rio de R$ 10,019 bilh\u00f5es, em julho, de acordo com dados do Banco Central (BC). Foi o pior resultado registrado em julho, na s\u00e9rie hist\u00f3rica iniciada em dezembro de 2001. No mesmo m\u00eas de 2014, houve d\u00e9ficit prim\u00e1rio de [&hellip;]<\/p>\n","protected":false},"author":2,"featured_media":40517,"comment_status":"open","ping_status":"closed","sticky":false,"template":"","format":"standard","meta":{"_genesis_hide_title":false,"_genesis_hide_breadcrumbs":false,"_genesis_hide_singular_image":false,"_genesis_hide_footer_widgets":false,"_genesis_custom_body_class":"","_genesis_custom_post_class":"","_genesis_layout":"","_jetpack_memberships_contains_paid_content":false,"footnotes":""},"categories":[22,7],"tags":[],"class_list":{"0":"post-74525","1":"post","2":"type-post","3":"status-publish","4":"format-standard","5":"has-post-thumbnail","7":"category-brasil","8":"category-economia","9":"entry","10":"gs-1","11":"gs-odd","12":"gs-even","13":"gs-featured-content-entry"},"jetpack_featured_media_url":"https:\/\/www.redenoticia.com.br\/noticia\/imagens\/economia-previsao.jpg","jetpack_sharing_enabled":true,"jetpack_likes_enabled":true,"_links":{"self":[{"href":"https:\/\/www.redenoticia.com.br\/noticia\/wp-json\/wp\/v2\/posts\/74525","targetHints":{"allow":["GET"]}}],"collection":[{"href":"https:\/\/www.redenoticia.com.br\/noticia\/wp-json\/wp\/v2\/posts"}],"about":[{"href":"https:\/\/www.redenoticia.com.br\/noticia\/wp-json\/wp\/v2\/types\/post"}],"author":[{"embeddable":true,"href":"https:\/\/www.redenoticia.com.br\/noticia\/wp-json\/wp\/v2\/users\/2"}],"replies":[{"embeddable":true,"href":"https:\/\/www.redenoticia.com.br\/noticia\/wp-json\/wp\/v2\/comments?post=74525"}],"version-history":[{"count":0,"href":"https:\/\/www.redenoticia.com.br\/noticia\/wp-json\/wp\/v2\/posts\/74525\/revisions"}],"wp:featuredmedia":[{"embeddable":true,"href":"https:\/\/www.redenoticia.com.br\/noticia\/wp-json\/wp\/v2\/media\/40517"}],"wp:attachment":[{"href":"https:\/\/www.redenoticia.com.br\/noticia\/wp-json\/wp\/v2\/media?parent=74525"}],"wp:term":[{"taxonomy":"category","embeddable":true,"href":"https:\/\/www.redenoticia.com.br\/noticia\/wp-json\/wp\/v2\/categories?post=74525"},{"taxonomy":"post_tag","embeddable":true,"href":"https:\/\/www.redenoticia.com.br\/noticia\/wp-json\/wp\/v2\/tags?post=74525"}],"curies":[{"name":"wp","href":"https:\/\/api.w.org\/{rel}","templated":true}]}}