{"id":74522,"date":"2015-08-28T16:50:35","date_gmt":"2015-08-28T19:50:35","guid":{"rendered":"http:\/\/www.redenoticia.com.br\/noticia\/?p=74522"},"modified":"2015-08-28T16:50:35","modified_gmt":"2015-08-28T19:50:35","slug":"indice-que-corrige-aluguel-atinge-755-em-12-meses","status":"publish","type":"post","link":"https:\/\/www.redenoticia.com.br\/noticia\/2015\/indice-que-corrige-aluguel-atinge-755-em-12-meses\/74522","title":{"rendered":"\u00cdndice que corrige aluguel atinge 7,55% em 12 meses"},"content":{"rendered":"<p> O \u00cdndice Geral de Pre\u00e7os do Mercado (<strong><em>IGP-M<\/em><\/strong>) atingiu, em agosto, alta acumulada em 12 meses de 7,55%. A taxa serve de base para o reajuste de aluguel e de ped\u00e1gios.<\/p>\n<p>Em agosto, o \u00edndice teve varia\u00e7\u00e3o de 0,28%, inferior \u00e0 taxa registrada em julho, quando alcan\u00e7ou alta de 0,69%. Sobre agosto de 2014, houve avan\u00e7o: no mesmo per\u00edodo do ano passado, a taxa teve recuo de 0,27%. No acumulado do ano, o IGP-M apresenta varia\u00e7\u00e3o positiva de 5,34%.<\/p>\n<p>O \u00edndice \u00e9 calculado pelo Instituto Brasileiro de Economia (Ibre) da Funda\u00e7\u00e3o Getulio Vargas (FGV) e mede as varia\u00e7\u00f5es de pre\u00e7os dos bens processados e das mat\u00e9rias-primas agr\u00edcolas e industriais, incluindo os servi\u00e7os. O IGP-M tem tr\u00eas componentes: os pre\u00e7os no atacado, no varejo e custo da constru\u00e7\u00e3o civil.<\/p>\n<p>O resultado de agosto reflete a redu\u00e7\u00e3o no ritmo de corre\u00e7\u00e3o de pre\u00e7os de dois dos tr\u00eas componentes da taxa. O \u00cdndice de Pre\u00e7os ao Produtor Amplo (IPA) teve eleva\u00e7\u00e3o de 0,20%, bem abaixo da varia\u00e7\u00e3o de julho, quando oscilou 0,73%. Nesse caso, o principal fator foi a queda no \u00edndice de bens finais: 0,76%. Al\u00e9m disso, subiram com menos for\u00e7a os pre\u00e7os das mat\u00e9rias-primas brutas (de 1,57%, em julho, para 0,64%, em agosto), efeito, entre outros, de cota\u00e7\u00f5es em baixa de algumas commodities, como o min\u00e9rio de ferro (3,09% para -3,36%) e os bovinos (-1,32% para -2,92%).<\/p>\n<p>Os pre\u00e7os no varejo tamb\u00e9m aumentaram com menos intensidade. O \u00cdndice de Pre\u00e7os ao Consumidor (IPC) passou de 0,60% (em julho) para 0,24% (em agosto). Cinco dos oito grupos pesquisados apresentaram decr\u00e9scimo, com destaque para alimenta\u00e7\u00e3o que ficou est\u00e1vel: teve varia\u00e7\u00e3o de 0,01%, depois de atingir 0,99%, em julho.<\/p>\n<p>O \u00cdndice Nacional de Custo da Constru\u00e7\u00e3o (INCC) teve alta mais expressiva, de 0,80%, sobre a varia\u00e7\u00e3o em julho, de 0,66%. Ocorreram avan\u00e7os tanto nos materiais, equipamentos e servi\u00e7os (de 0,17% para 0,27%) quanto na m\u00e3o de obra (de 1,1% para 1,27%).<\/p>\n<p>Marli Moreira &#8211; Rep\u00f3rter da Ag\u00eancia Brasil<br \/>\nEdi\u00e7\u00e3o: Jos\u00e9 Romildo<\/p>\n","protected":false},"excerpt":{"rendered":"<p>O \u00cdndice Geral de Pre\u00e7os do Mercado (IGP-M) atingiu, em agosto, alta acumulada em 12 meses de 7,55%. A taxa serve de base para o reajuste de aluguel e de ped\u00e1gios. Em agosto, o \u00edndice teve varia\u00e7\u00e3o de 0,28%, inferior \u00e0 taxa registrada em julho, quando alcan\u00e7ou alta de 0,69%. Sobre agosto de 2014, houve [&hellip;]<\/p>\n","protected":false},"author":2,"featured_media":38940,"comment_status":"open","ping_status":"closed","sticky":false,"template":"","format":"standard","meta":{"_genesis_hide_title":false,"_genesis_hide_breadcrumbs":false,"_genesis_hide_singular_image":false,"_genesis_hide_footer_widgets":false,"_genesis_custom_body_class":"","_genesis_custom_post_class":"","_genesis_layout":"","_jetpack_memberships_contains_paid_content":false,"footnotes":""},"categories":[22,7],"tags":[],"class_list":{"0":"post-74522","1":"post","2":"type-post","3":"status-publish","4":"format-standard","5":"has-post-thumbnail","7":"category-brasil","8":"category-economia","9":"entry","10":"gs-1","11":"gs-odd","12":"gs-even","13":"gs-featured-content-entry"},"jetpack_featured_media_url":"https:\/\/www.redenoticia.com.br\/noticia\/imagens\/grafico.jpg","jetpack_sharing_enabled":true,"jetpack_likes_enabled":true,"_links":{"self":[{"href":"https:\/\/www.redenoticia.com.br\/noticia\/wp-json\/wp\/v2\/posts\/74522","targetHints":{"allow":["GET"]}}],"collection":[{"href":"https:\/\/www.redenoticia.com.br\/noticia\/wp-json\/wp\/v2\/posts"}],"about":[{"href":"https:\/\/www.redenoticia.com.br\/noticia\/wp-json\/wp\/v2\/types\/post"}],"author":[{"embeddable":true,"href":"https:\/\/www.redenoticia.com.br\/noticia\/wp-json\/wp\/v2\/users\/2"}],"replies":[{"embeddable":true,"href":"https:\/\/www.redenoticia.com.br\/noticia\/wp-json\/wp\/v2\/comments?post=74522"}],"version-history":[{"count":0,"href":"https:\/\/www.redenoticia.com.br\/noticia\/wp-json\/wp\/v2\/posts\/74522\/revisions"}],"wp:featuredmedia":[{"embeddable":true,"href":"https:\/\/www.redenoticia.com.br\/noticia\/wp-json\/wp\/v2\/media\/38940"}],"wp:attachment":[{"href":"https:\/\/www.redenoticia.com.br\/noticia\/wp-json\/wp\/v2\/media?parent=74522"}],"wp:term":[{"taxonomy":"category","embeddable":true,"href":"https:\/\/www.redenoticia.com.br\/noticia\/wp-json\/wp\/v2\/categories?post=74522"},{"taxonomy":"post_tag","embeddable":true,"href":"https:\/\/www.redenoticia.com.br\/noticia\/wp-json\/wp\/v2\/tags?post=74522"}],"curies":[{"name":"wp","href":"https:\/\/api.w.org\/{rel}","templated":true}]}}