{"id":74516,"date":"2015-08-28T16:48:24","date_gmt":"2015-08-28T19:48:24","guid":{"rendered":"http:\/\/www.redenoticia.com.br\/noticia\/?p=74516"},"modified":"2015-08-28T16:48:24","modified_gmt":"2015-08-28T19:48:24","slug":"economia-brasileira-cai-19-no-segundo-trimestre","status":"publish","type":"post","link":"https:\/\/www.redenoticia.com.br\/noticia\/2015\/economia-brasileira-cai-19-no-segundo-trimestre\/74516","title":{"rendered":"Economia brasileira cai 1,9% no segundo trimestre"},"content":{"rendered":"<p> O <strong><em>Produto Interno Bruto<\/em><\/strong> do Brasil teve queda de 1,9% no segundo trimestre de 2015, na compara\u00e7\u00e3o com o primeiro trimestre, informou o Instituto Brasileiro de Geografia e Estat\u00edstica (IBGE). O indicador mostra que a soma das riquezas produzidas no Brasil nos meses de abril, maio e junho foi R$ 1,428 bilh\u00e3o.<\/p>\n<p>Nos primeiros seis meses de 2015, a retra\u00e7\u00e3o acumulada da economia brasileira foi 2,1%, segundo o IBGE. O Produto Interno Bruto do segundo trimestre de 2015 ficou 2,6% abaixo do que foi registrado no mesmo per\u00edodo do ano passado. A queda do PIB em rela\u00e7\u00e3o ao trimestre anterior \u00e9 a maior desde o primeiro trimestre de 2009.<\/p>\n<p>A maior queda foi registrada na ind\u00fastria, que teve redu\u00e7\u00e3o de 4,3% na compara\u00e7\u00e3o com o primeiro trimestre deste ano. A agropecu\u00e1ria teve queda de 2,7% e o setor de servi\u00e7os recuou 0,7%. O consumo do governo cresceu 0,7%.<\/p>\n<p>As exporta\u00e7\u00f5es de bens e servi\u00e7os aumentaram 3,4% no segundo trimestre, em rela\u00e7\u00e3o ao tr\u00eas primeiros meses do ano, e as importa\u00e7\u00f5es ca\u00edram 8,8%. A despesa de consumo das fam\u00edlias caiu 2,1%, quando comparada ao trimestre anterior.<\/p>\n<p>Ind\u00fastria e servi\u00e7os<\/p>\n<p>A retra\u00e7\u00e3o da ind\u00fastria foi mais intensa na constru\u00e7\u00e3o civil, que apresentou desempenho 8,4% menor que no primeiro trimestre. A ind\u00fastria da transforma\u00e7\u00e3o teve queda de 3,7%. A ind\u00fastria da constru\u00e7\u00e3o e a ind\u00fastria da transforma\u00e7\u00e3o respondem juntas por 75% do volume industrial brasileiro.<\/p>\n<p>No setor de servi\u00e7os, o com\u00e9rcio caiu 3,3%, os servi\u00e7os de transporte, armazenagem e correio recuaram 2% e os servi\u00e7os de informa\u00e7\u00e3o, 1,3%. Os servi\u00e7os de administra\u00e7\u00e3o, sa\u00fade e educa\u00e7\u00e3o p\u00fablica tiveram a maior alta, de 1,9%.<\/p>\n<p>Agricultura<\/p>\n<p>Na compara\u00e7\u00e3o com o mesmo per\u00edodo do ano passado, o setor agropecu\u00e1rio foi o \u00fanico a apresentar alta, de 1,8%. De acordo com o IBGE, o bom desempenho de alguns produtos com safra no segundo trimestre e a produtividade contribu\u00edram para o resultado. Em um ano, houve crescimento de 11,9% para a soja, 5,2% para o milho e 4,4% para o arroz. A produ\u00e7\u00e3o de caf\u00e9 e feij\u00e3o caiu 2,2% e 4,1%, respectivamente.<\/p>\n<p>A queda da ind\u00fastria em rela\u00e7\u00e3o ao ano passado chegou a 5,2%, puxada pela ind\u00fastria de transforma\u00e7\u00e3o, que recuou 8,3%. O setor de servi\u00e7os caiu 1,4% em rela\u00e7\u00e3o a 2014, com queda de 7,2% no com\u00e9rcio atacadista e varejista.<\/p>\n<p>O desempenho das exporta\u00e7\u00f5es e importa\u00e7\u00f5es na compara\u00e7\u00e3o interanual foi influenciado por uma desvaloriza\u00e7\u00e3o cambial do real de 38% entre o segundo trimestre de 2014 e o deste ano. As exporta\u00e7\u00f5es de bens e servi\u00e7os subiram 7,5% e as importa\u00e7\u00f5es ca\u00edram 11,7%.<\/p>\n<p>As despesas de consumo das fam\u00edlias tamb\u00e9m tiveram queda maior na compara\u00e7\u00e3o com 2015 em rela\u00e7\u00e3o aos primeiros meses de 2014. De acordo com o IBGE, o indicador recuou 2,7%, a segunda queda consecutiva. Fatores como infla\u00e7\u00e3o, juros, cr\u00e9dito, emprego e renda pesaram para que o resultado fosse negativo. <\/p>\n<p>Vin\u00edcius Lisboa &#8211; Rep\u00f3rter da Ag\u00eancia Brasil<br \/>\nEdi\u00e7\u00e3o: Jos\u00e9 Romildo e Denise Griesinger<\/p>\n","protected":false},"excerpt":{"rendered":"<p>O Produto Interno Bruto do Brasil teve queda de 1,9% no segundo trimestre de 2015, na compara\u00e7\u00e3o com o primeiro trimestre, informou o Instituto Brasileiro de Geografia e Estat\u00edstica (IBGE). O indicador mostra que a soma das riquezas produzidas no Brasil nos meses de abril, maio e junho foi R$ 1,428 bilh\u00e3o. Nos primeiros seis [&hellip;]<\/p>\n","protected":false},"author":2,"featured_media":38938,"comment_status":"open","ping_status":"closed","sticky":false,"template":"","format":"standard","meta":{"_genesis_hide_title":false,"_genesis_hide_breadcrumbs":false,"_genesis_hide_singular_image":false,"_genesis_hide_footer_widgets":false,"_genesis_custom_body_class":"","_genesis_custom_post_class":"","_genesis_layout":"","_jetpack_memberships_contains_paid_content":false,"footnotes":""},"categories":[22,7],"tags":[],"class_list":{"0":"post-74516","1":"post","2":"type-post","3":"status-publish","4":"format-standard","5":"has-post-thumbnail","7":"category-brasil","8":"category-economia","9":"entry","10":"gs-1","11":"gs-odd","12":"gs-even","13":"gs-featured-content-entry"},"jetpack_featured_media_url":"https:\/\/www.redenoticia.com.br\/noticia\/imagens\/economia1.jpg","jetpack_sharing_enabled":true,"jetpack_likes_enabled":true,"_links":{"self":[{"href":"https:\/\/www.redenoticia.com.br\/noticia\/wp-json\/wp\/v2\/posts\/74516","targetHints":{"allow":["GET"]}}],"collection":[{"href":"https:\/\/www.redenoticia.com.br\/noticia\/wp-json\/wp\/v2\/posts"}],"about":[{"href":"https:\/\/www.redenoticia.com.br\/noticia\/wp-json\/wp\/v2\/types\/post"}],"author":[{"embeddable":true,"href":"https:\/\/www.redenoticia.com.br\/noticia\/wp-json\/wp\/v2\/users\/2"}],"replies":[{"embeddable":true,"href":"https:\/\/www.redenoticia.com.br\/noticia\/wp-json\/wp\/v2\/comments?post=74516"}],"version-history":[{"count":0,"href":"https:\/\/www.redenoticia.com.br\/noticia\/wp-json\/wp\/v2\/posts\/74516\/revisions"}],"wp:featuredmedia":[{"embeddable":true,"href":"https:\/\/www.redenoticia.com.br\/noticia\/wp-json\/wp\/v2\/media\/38938"}],"wp:attachment":[{"href":"https:\/\/www.redenoticia.com.br\/noticia\/wp-json\/wp\/v2\/media?parent=74516"}],"wp:term":[{"taxonomy":"category","embeddable":true,"href":"https:\/\/www.redenoticia.com.br\/noticia\/wp-json\/wp\/v2\/categories?post=74516"},{"taxonomy":"post_tag","embeddable":true,"href":"https:\/\/www.redenoticia.com.br\/noticia\/wp-json\/wp\/v2\/tags?post=74516"}],"curies":[{"name":"wp","href":"https:\/\/api.w.org\/{rel}","templated":true}]}}