{"id":74481,"date":"2015-08-27T16:33:22","date_gmt":"2015-08-27T19:33:22","guid":{"rendered":"http:\/\/www.redenoticia.com.br\/noticia\/?p=74481"},"modified":"2015-08-27T16:33:22","modified_gmt":"2015-08-27T19:33:22","slug":"governo-central-tem-deficit-primario-de-r-9-bilhoes-de-janeiro-a-julho","status":"publish","type":"post","link":"https:\/\/www.redenoticia.com.br\/noticia\/2015\/governo-central-tem-deficit-primario-de-r-9-bilhoes-de-janeiro-a-julho\/74481","title":{"rendered":"Governo Central tem d\u00e9ficit prim\u00e1rio de R$ 9 bilh\u00f5es de janeiro a julho"},"content":{"rendered":"<p> A queda da arrecada\u00e7\u00e3o provocada pela contra\u00e7\u00e3o da economia afetou as contas p\u00fablicas em 2015. De janeiro a julho, o Governo Central \u2013 Tesouro Nacional, Previd\u00eancia Social e Banco Central \u2013 acumula <strong><em>d\u00e9ficit prim\u00e1rio<\/em><\/strong> de R$ 9,051 bilh\u00f5es. Em valores reais (corrigidos pela infla\u00e7\u00e3o oficial), o resultado \u00e9 o menor da hist\u00f3ria para os sete primeiros meses do ano desde a cria\u00e7\u00e3o da s\u00e9rie hist\u00f3rica, em 1997, e est\u00e1 negativo pela primeira vez no per\u00edodo.<\/p>\n<p>O d\u00e9ficit prim\u00e1rio representa o resultado negativo das contas p\u00fablicas antes do pagamento dos juros da d\u00edvida p\u00fablica. Em julho, o Governo Central registrou d\u00e9ficit de R$ 7,223 bilh\u00f5es, tamb\u00e9m o pior resultado para o m\u00eas em valores reais e o segundo resultado negativo mensal consecutivo. Os d\u00e9ficits nos \u00faltimos dois meses anularam o super\u00e1vit prim\u00e1rio de R$ 6,626 bilh\u00f5es acumulado de janeiro a maio.<\/p>\n<p>Segundo o Tesouro Nacional, a queda na arrecada\u00e7\u00e3o est\u00e1 sendo a principal causa para o desempenho negativo das contas p\u00fablicas em 2015. De janeiro a junho, as receitas l\u00edquidas ca\u00edram 5,7% descontada a infla\u00e7\u00e3o. As despesas totais, no entanto, ficaram est\u00e1veis, caindo apenas 0,7% no mesmo crit\u00e9rio.<\/p>\n<p>A estabilidade das despesas est\u00e1 sendo puxada pelos investimentos, que somaram R$ 32,262 bilh\u00f5es nos sete primeiros meses do ano, queda real (descontada a infla\u00e7\u00e3o) de 36,6% em rela\u00e7\u00e3o a 2014. Desse total, os gastos com o Programa de Acelera\u00e7\u00e3o do Crescimento (PAC) somaram R$ 23,270 bilh\u00f5es, com redu\u00e7\u00e3o real de 36,5%. Outra despesa que apresentou diminui\u00e7\u00e3o ao considerar a infla\u00e7\u00e3o foi o funcionalismo, com queda real de 1,4%.<\/p>\n<p>No entanto, outros tipos de gastos est\u00e3o subindo em 2015, como o custeio (manuten\u00e7\u00e3o da m\u00e1quina p\u00fablica), com alta real de 5,7% em 2015 e subs\u00eddios e subven\u00e7\u00f5es, com alta real de 205,2% impulsionada pelos financiamentos do Programa de Sustenta\u00e7\u00e3o do Investimento, concedidos pelo Banco Nacional de Desenvolvimento Econ\u00f4mico e Social (BNDES).<\/p>\n<p>As despesas da Previd\u00eancia Social acumulam alta de 2,7% acima do IPCA em 2015. Segundo o Tesouro, o crescimento real deve-se ao aumento de 3,1% no n\u00famero de benef\u00edcios pagos.<\/p>\n<p>As dificuldades em cortar gastos e em aumentar as receitas fizeram a equipe econ\u00f4mica reduzir para R$ 8,7 bilh\u00f5es, 0,15% do Produto Interno Bruto (PIB, soma das riquezas produzidas no pa\u00eds), a meta de super\u00e1vit prim\u00e1rio (economia para pagar os juros da d\u00edvida p\u00fablica) para 2015. Desse total, 0,10% \u2013 R$ 5,8 bilh\u00f5es \u2013 correspondem \u00e0 meta do Governo Central.<\/p>\n<p>Wellton M\u00e1ximo \u2013 Rep\u00f3rter da Ag\u00eancia Brasil<br \/>\nEdi\u00e7\u00e3o: Carolina Pimentel<\/p>\n","protected":false},"excerpt":{"rendered":"<p>A queda da arrecada\u00e7\u00e3o provocada pela contra\u00e7\u00e3o da economia afetou as contas p\u00fablicas em 2015. De janeiro a julho, o Governo Central \u2013 Tesouro Nacional, Previd\u00eancia Social e Banco Central \u2013 acumula d\u00e9ficit prim\u00e1rio de R$ 9,051 bilh\u00f5es. Em valores reais (corrigidos pela infla\u00e7\u00e3o oficial), o resultado \u00e9 o menor da hist\u00f3ria para os sete [&hellip;]<\/p>\n","protected":false},"author":2,"featured_media":38940,"comment_status":"open","ping_status":"closed","sticky":false,"template":"","format":"standard","meta":{"_genesis_hide_title":false,"_genesis_hide_breadcrumbs":false,"_genesis_hide_singular_image":false,"_genesis_hide_footer_widgets":false,"_genesis_custom_body_class":"","_genesis_custom_post_class":"","_genesis_layout":"","_jetpack_memberships_contains_paid_content":false,"footnotes":""},"categories":[22,7],"tags":[],"class_list":{"0":"post-74481","1":"post","2":"type-post","3":"status-publish","4":"format-standard","5":"has-post-thumbnail","7":"category-brasil","8":"category-economia","9":"entry","10":"gs-1","11":"gs-odd","12":"gs-even","13":"gs-featured-content-entry"},"jetpack_featured_media_url":"https:\/\/www.redenoticia.com.br\/noticia\/imagens\/grafico.jpg","jetpack_sharing_enabled":true,"jetpack_likes_enabled":true,"_links":{"self":[{"href":"https:\/\/www.redenoticia.com.br\/noticia\/wp-json\/wp\/v2\/posts\/74481","targetHints":{"allow":["GET"]}}],"collection":[{"href":"https:\/\/www.redenoticia.com.br\/noticia\/wp-json\/wp\/v2\/posts"}],"about":[{"href":"https:\/\/www.redenoticia.com.br\/noticia\/wp-json\/wp\/v2\/types\/post"}],"author":[{"embeddable":true,"href":"https:\/\/www.redenoticia.com.br\/noticia\/wp-json\/wp\/v2\/users\/2"}],"replies":[{"embeddable":true,"href":"https:\/\/www.redenoticia.com.br\/noticia\/wp-json\/wp\/v2\/comments?post=74481"}],"version-history":[{"count":0,"href":"https:\/\/www.redenoticia.com.br\/noticia\/wp-json\/wp\/v2\/posts\/74481\/revisions"}],"wp:featuredmedia":[{"embeddable":true,"href":"https:\/\/www.redenoticia.com.br\/noticia\/wp-json\/wp\/v2\/media\/38940"}],"wp:attachment":[{"href":"https:\/\/www.redenoticia.com.br\/noticia\/wp-json\/wp\/v2\/media?parent=74481"}],"wp:term":[{"taxonomy":"category","embeddable":true,"href":"https:\/\/www.redenoticia.com.br\/noticia\/wp-json\/wp\/v2\/categories?post=74481"},{"taxonomy":"post_tag","embeddable":true,"href":"https:\/\/www.redenoticia.com.br\/noticia\/wp-json\/wp\/v2\/tags?post=74481"}],"curies":[{"name":"wp","href":"https:\/\/api.w.org\/{rel}","templated":true}]}}